{"id":10444,"date":"2023-02-28T17:39:00","date_gmt":"2023-02-28T15:39:00","guid":{"rendered":"https:\/\/alternativa.lv\/?p=10444"},"modified":"2023-11-03T18:30:22","modified_gmt":"2023-11-03T16:30:22","slug":"projekta-a-step-to-the-future-atklasana","status":"publish","type":"post","link":"https:\/\/alternativa.lv\/en\/projekta-a-step-to-the-future-atklasana\/","title":{"rendered":"Projekta &#8220;A step to the future&#8221; atkl\u0101\u0161ana"},"content":{"rendered":"\n<p class=\"has-medium-font-size\">Aicin\u0101m Kult\u016bras biedr\u012bbas &#8220;Alternat\u012bv\u0101 Realit\u0101te&#8221; komandu, biedrus, br\u012bvpr\u0101t\u012bgos un partnerus uz projekta &#8220;A step to the future&#8221; atkl\u0101\u0161anas pas\u0101kumu.<\/p>\n\n\n\n<p class=\"has-medium-font-size\">Pas\u0101kuma datums un laiks: 2023.g. 4.mart\u0101 no plkst. 17:00 lidz 20:00<\/p>\n\n\n\n<p>Vieta: Rado\u0161ais centrs &#8220;Alternat\u012bv\u0101 Realit\u0101te&#8221;, L\u0101\u010dpl\u0113\u0161a iel\u0101 54a, R\u012bga<\/p>\n\n\n\n<p><\/p>\n\n\n\n<p>Pas\u0101kuma laik\u0101 pl\u0101nojam iepaz\u012bstin\u0101t organiz\u0101cijas komandu, biedrus, br\u012bvpr\u0101t\u012bgos un partnerus ar jauna Kapacit\u0101tes projekta uzs\u0101k\u0161anu, kura m\u0113r\u0137is ir veicin\u0101t biedr\u012bbas ilgtsp\u0113j\u012bbu un stiprin\u0101t kapacit\u0101ti, ieguldot cilv\u0113kresursu att\u012bst\u012bb\u0101 un ievie\u0161ot jaunusvad\u012bbas metodes un r\u012bkus.<\/p>\n\n\n\n<p class=\"has-small-font-size\">Pas\u0101kuma laik\u0101 iepaz\u012bstin\u0101sim ar projekta &#8220;A step to the future&#8221; pl\u0101notiem posmiem un aktivit\u0101t\u0113m, gaid\u0101miem rezult\u0101tiem.<\/p>\n\n\n\n<p>Ieeja br\u012bva bez ierobe\u017eojuma.<\/p>\n\n\n\n<p>Par pl\u0101noto dal\u012bbu l\u016bdzam inform\u0113t pa talr. WhatsApp 22189430<\/p>\n\n\n\n<p><\/p>\n\n\n\n<p><strong>Projektu \u201dA STEP TO THE FUTURE\u201d finans\u0113 Islande, Lihten\u0161teina un Norv\u0113\u0123ija caur EEZ un Norv\u0113\u0123ijas grantu programmu \u201cAkt\u012bvo iedz\u012bvot\u0101ju fonds\u201d. EEZ un Norv\u0113\u0123ijas granta apjoms ir 19 975,67 eiro<\/strong><\/p>\n\n\n\n<p>  <\/p>\n\n\n\n<p><\/p>\n","protected":false},"excerpt":{"rendered":"<p>Aicin\u0101m Kult\u016bras biedr\u012bbas &#8220;Alternat\u012bv\u0101 Realit\u0101te&#8221; komandu, biedrus, br\u012bvpr\u0101t\u012bgos un partnerus uz projekta &#8220;A step to the future&#8221; atkl\u0101\u0161anas pas\u0101kumu. Pas\u0101kuma datums un laiks: 2023.g. 4.mart\u0101 no plkst. 17:00 lidz 20:00 Vieta: Rado\u0161ais centrs &#8220;Alternat\u012bv\u0101 Realit\u0101te&#8221;, L\u0101\u010dpl\u0113\u0161a iel\u0101 54a, R\u012bga Pas\u0101kuma laik\u0101 pl\u0101nojam iepaz\u012bstin\u0101t organiz\u0101cijas komandu, biedrus, br\u012bvpr\u0101t\u012bgos un partnerus ar&gt;&gt;&gt;<\/p>\n","protected":false},"author":133522584,"featured_media":10636,"comment_status":"closed","ping_status":"open","sticky":false,"template":"","format":"standard","meta":{"_eb_attr":"","_jetpack_newsletter_access":"","_jetpack_dont_email_post_to_subs":false,"_jetpack_newsletter_tier_id":0,"_jetpack_memberships_contains_paywalled_content":false,"_jetpack_memberships_contains_paid_content":false,"footnotes":"","jetpack_publicize_message":"","jetpack_publicize_feature_enabled":true,"jetpack_social_post_already_shared":true,"jetpack_social_options":{"image_generator_settings":{"template":"highway","default_image_id":0,"font":"","enabled":false},"version":2},"_wpas_customize_per_network":false,"jetpack_post_was_ever_published":false},"categories":[635157460],"tags":[635157466,635157465,635157467,635157468,635157461,8528233,635157462],"post_folder":[635157463],"class_list":["post-10444","post","type-post","status-publish","format-standard","has-post-thumbnail","hentry","category-activecitizenfund","tag-activecitizensfund","tag-aktivoiedzivotajufonds","tag-eeagrants","tag-eeagrantslatvia","tag-aif","tag-altreality","tag-step-to-the-future"],"translation":{"provider":"WPGlobus","version":"3.0.2","language":"en","enabled_languages":["lv","en","ru"],"languages":{"lv":{"title":true,"content":true,"excerpt":false},"en":{"title":false,"content":false,"excerpt":false},"ru":{"title":false,"content":false,"excerpt":false}}},"jetpack_publicize_connections":[],"jetpack_featured_media_url":"https:\/\/i0.wp.com\/alternativa.lv\/wp-content\/uploads\/2023\/11\/Logo-aif-web-STF-smooth.png?fit=1200%2C675&ssl=1","jetpack_sharing_enabled":true,"jetpack_shortlink":"https:\/\/wp.me\/p9yPz0-2Is","jetpack_likes_enabled":true,"jetpack-related-posts":[{"id":10399,"url":"https:\/\/alternativa.lv\/en\/uzraudzibas-un-novertesanas-un-sistemas-izveide-projekta-a-step-to-the-future-ietvaros\/","url_meta":{"origin":10444,"position":0},"title":"Uzraudz\u012bbas un nov\u0113rt\u0113\u0161anas (U&#038;N) sist\u0113mas izveide projekta &#8220;A Step to the future&#8221; ietvaros","author":"tesstemona","date":"15\/06\/2023","format":false,"excerpt":"Uzraudz\u012bbas un nov\u0113rt\u0113\u0161anas (U&N) sist\u0113ma, (jeb Monitoring & Evaluation System) ir b\u016btisks instruments, lai nodro\u0161in\u0101tu projektu efektivit\u0101ti un ilgtsp\u0113ju. Izstr\u0101d\u0101jot \u0161o sist\u0113mu projekta ietvaros, komanda ieg\u016bst iesp\u0113ju nov\u0113rt\u0113t un uzlabot savu darbu, k\u0101 ar\u012b nodro\u0161in\u0101t, ka projekta m\u0113r\u0137i tiek sasniegti pareizaj\u0101 laik\u0101 un pareizaj\u0101 veid\u0101. M\u0113s apzinamies, ka efekt\u012bva organiz\u0101cijas\u2026","rel":"","context":"In &quot;ActiveCitizenFund&quot;","block_context":{"text":"ActiveCitizenFund","link":"https:\/\/alternativa.lv\/en\/category\/activecitizenfund\/"},"img":{"alt_text":"","src":"https:\/\/i0.wp.com\/alternativa.lv\/wp-content\/uploads\/2023\/11\/Logo-aif-web-STF-smooth.png?fit=1200%2C675&ssl=1&resize=350%2C200","width":350,"height":200,"srcset":"https:\/\/i0.wp.com\/alternativa.lv\/wp-content\/uploads\/2023\/11\/Logo-aif-web-STF-smooth.png?fit=1200%2C675&ssl=1&resize=350%2C200 1x, https:\/\/i0.wp.com\/alternativa.lv\/wp-content\/uploads\/2023\/11\/Logo-aif-web-STF-smooth.png?fit=1200%2C675&ssl=1&resize=525%2C300 1.5x, https:\/\/i0.wp.com\/alternativa.lv\/wp-content\/uploads\/2023\/11\/Logo-aif-web-STF-smooth.png?fit=1200%2C675&ssl=1&resize=700%2C400 2x, https:\/\/i0.wp.com\/alternativa.lv\/wp-content\/uploads\/2023\/11\/Logo-aif-web-STF-smooth.png?fit=1200%2C675&ssl=1&resize=1050%2C600 3x"},"classes":[]},{"id":10514,"url":"https:\/\/alternativa.lv\/en\/darbs-ar-jaunatni-lauku-regionos-jauni-izacinajumi-un-spilgti-momenti\/","url_meta":{"origin":10444,"position":1},"title":"Darbs ar jaunatni lauku re\u0123ionos: jauni izacin\u0101jumi un spilgti momenti!","author":"tesstemona","date":"03\/10\/2023","format":false,"excerpt":"Kult\u016bras biedr\u012bba \"Alternat\u012bv\u0101 Realit\u0101te\" \u0161ogad 29. septembr\u012b sapulcin\u0101ja lauku re\u0123ionu jaunatnes darbiniekus informat\u012bv\u0101 pas\u0101kum\u0101 \"Darbs ar jaunatni lauku re\u0123ionos\". Un t\u0101 bija dzirksto\u0161a diena! 20 entuziastiski jaunatnes darbinieki no R\u0113zeknes un Latgales regiona dal\u012bj\u0101s sav\u0101 pieredz\u0113, idej\u0101s un cer\u012bb\u0101s. \u0160aj\u0101 pas\u0101kum\u0101 m\u0113s iek\u013cuv\u0101m neform\u0101l\u0101s izgl\u012bt\u012bbas pasaul\u0113. Bija spraigas diskusijas par\u2026","rel":"","context":"In &quot;AltReality&quot;","block_context":{"text":"AltReality","link":"https:\/\/alternativa.lv\/en\/category\/altreality\/"},"img":{"alt_text":"","src":"https:\/\/i0.wp.com\/alternativa.lv\/wp-content\/uploads\/2023\/10\/For-publication-group-with-logos.jpg?fit=1167%2C888&ssl=1&resize=350%2C200","width":350,"height":200,"srcset":"https:\/\/i0.wp.com\/alternativa.lv\/wp-content\/uploads\/2023\/10\/For-publication-group-with-logos.jpg?fit=1167%2C888&ssl=1&resize=350%2C200 1x, https:\/\/i0.wp.com\/alternativa.lv\/wp-content\/uploads\/2023\/10\/For-publication-group-with-logos.jpg?fit=1167%2C888&ssl=1&resize=525%2C300 1.5x, https:\/\/i0.wp.com\/alternativa.lv\/wp-content\/uploads\/2023\/10\/For-publication-group-with-logos.jpg?fit=1167%2C888&ssl=1&resize=700%2C400 2x, https:\/\/i0.wp.com\/alternativa.lv\/wp-content\/uploads\/2023\/10\/For-publication-group-with-logos.jpg?fit=1167%2C888&ssl=1&resize=1050%2C600 3x"},"classes":[]},{"id":11477,"url":"https:\/\/alternativa.lv\/en\/projekta-a-step-to-the-future-rezultati-un-nozime-biedribas-attistiba\/","url_meta":{"origin":10444,"position":2},"title":"Projekta \u201cA step to the future\u201d rezult\u0101ti un noz\u012bme biedr\u012bbas att\u012bst\u012bb\u0101","author":"tesstemona","date":"26\/04\/2024","format":false,"excerpt":"Kult\u016bras biedr\u012bbas \u201cAlternat\u012bv\u0101 Realit\u0101tes\u201d darb\u012bbas joma ir cie\u0161i saist\u012bta ar kult\u016bras un izgl\u012bt\u012bbas iniciat\u012bv\u0101m, pied\u0101v\u0101jot v\u0113rt\u012bgas iesp\u0113jas br\u012bvpr\u0101t\u012bgo iesaistei un neform\u0101lai izgl\u012bt\u012bbai. Lai stiprin\u0101tu organiz\u0101ciju un sagatavotu jaunus vad\u012bt\u0101jus, tika \u012bstenots projekts \"Solis uz n\u0101kotni\" ko kopfinans\u0113ja Akt\u012bvo iedz\u012bvotaju Fonds. Projekts \"Solis uz N\u0101kotni\" ir \u012bstenots, stiprinot kult\u016bras biedr\u012bbas \u201cAlternat\u012bv\u0101\u2026","rel":"","context":"In &quot;ActiveCitizenFund&quot;","block_context":{"text":"ActiveCitizenFund","link":"https:\/\/alternativa.lv\/en\/category\/activecitizenfund\/"},"img":{"alt_text":"","src":"https:\/\/i0.wp.com\/alternativa.lv\/wp-content\/uploads\/2023\/11\/Logo-aif-web-STF-smooth.png?fit=1200%2C675&ssl=1&resize=350%2C200","width":350,"height":200,"srcset":"https:\/\/i0.wp.com\/alternativa.lv\/wp-content\/uploads\/2023\/11\/Logo-aif-web-STF-smooth.png?fit=1200%2C675&ssl=1&resize=350%2C200 1x, https:\/\/i0.wp.com\/alternativa.lv\/wp-content\/uploads\/2023\/11\/Logo-aif-web-STF-smooth.png?fit=1200%2C675&ssl=1&resize=525%2C300 1.5x, https:\/\/i0.wp.com\/alternativa.lv\/wp-content\/uploads\/2023\/11\/Logo-aif-web-STF-smooth.png?fit=1200%2C675&ssl=1&resize=700%2C400 2x, https:\/\/i0.wp.com\/alternativa.lv\/wp-content\/uploads\/2023\/11\/Logo-aif-web-STF-smooth.png?fit=1200%2C675&ssl=1&resize=1050%2C600 3x"},"classes":[]},{"id":11539,"url":"https:\/\/alternativa.lv\/en\/aif-projekts-a-step-to-the-future-brivpr\/","url_meta":{"origin":10444,"position":3},"title":"Br\u012bvpr\u0101t\u012bg\u0101 darba koordin\u0113\u0161anas apm\u0101c\u012bbas","author":"tesstemona","date":"27\/03\/2024","format":false,"excerpt":"Kult\u016bras biedr\u012bba \"Alternat\u012bv\u0101 Realit\u0101te\" projekta \"Solis uz n\u0101kotni\" ietvaros ar Akt\u012bvo iedz\u012bvot\u0101ju fonda atbalstu veiksm\u012bgi \u012bstenoja vair\u0101kas apm\u0101c\u012bbas, kas v\u0113rstas uz organiz\u0101cijas kapacit\u0101tes stiprin\u0101\u0161anu. \u012apa\u0161i noz\u012bm\u012bga bija apm\u0101c\u012bbu programma par br\u012bvpr\u0101t\u012bg\u0101 darba koordin\u0113\u0161anu, kuru vad\u012bja eksperts Stanislavs Babins. \u0160\u012bs apm\u0101c\u012bbas bija b\u016btisks solis organiz\u0101cijas izaugsmes ce\u013c\u0101, nodro\u0161inot komandu ar nepiecie\u0161amaj\u0101m\u2026","rel":"","context":"In &quot;ActiveCitizenFund&quot;","block_context":{"text":"ActiveCitizenFund","link":"https:\/\/alternativa.lv\/en\/category\/activecitizenfund\/"},"img":{"alt_text":"","src":"https:\/\/i0.wp.com\/alternativa.lv\/wp-content\/uploads\/2023\/11\/Logo-aif-web-STF-smooth.png?fit=1200%2C675&ssl=1&resize=350%2C200","width":350,"height":200,"srcset":"https:\/\/i0.wp.com\/alternativa.lv\/wp-content\/uploads\/2023\/11\/Logo-aif-web-STF-smooth.png?fit=1200%2C675&ssl=1&resize=350%2C200 1x, https:\/\/i0.wp.com\/alternativa.lv\/wp-content\/uploads\/2023\/11\/Logo-aif-web-STF-smooth.png?fit=1200%2C675&ssl=1&resize=525%2C300 1.5x, https:\/\/i0.wp.com\/alternativa.lv\/wp-content\/uploads\/2023\/11\/Logo-aif-web-STF-smooth.png?fit=1200%2C675&ssl=1&resize=700%2C400 2x, https:\/\/i0.wp.com\/alternativa.lv\/wp-content\/uploads\/2023\/11\/Logo-aif-web-STF-smooth.png?fit=1200%2C675&ssl=1&resize=1050%2C600 3x"},"classes":[]},{"id":2768,"url":"https:\/\/alternativa.lv\/en\/aicinam-jaunus-aktivus-un-radosus-brivpratigos-18-30-g\/","url_meta":{"origin":10444,"position":4},"title":"Aicinam jaunus, akt\u012bvus un rado\u0161us br\u012bvpr\u0101t\u012bgos 18-30 g!","author":"tesstemona","date":"07\/06\/2020","format":false,"excerpt":"Grupas br\u012bvpr\u0101t\u012bg\u0101 darba projektam \"Maija gr\u0101fa sv\u0113tki: vienoti da\u017ead\u012bb\u0101\" aicinam jaunus akt\u012bvus un radosus cilvekus vecuma no 18 l\u012bdz 30 gadiem! Projekta m\u0113r\u0137is: organiz\u0113t multikult\u016bras pas\u0101kumu \"Maija gr\u0101fa sv\u0113tki\" R\u012bg\u0101, 30.08.2020 Kas var pieteikties? jaunie\u0161i no 18 l\u012bdz 30 gadu vecumam, kas ieinteres\u0113ti projekta t\u0113m\u0101v\u0113las att\u012bst\u012bt sev\u012b komunik\u0101cijas prasmes, kreativit\u0101ti,\u2026","rel":"","context":"In &quot;AltReality&quot;","block_context":{"text":"AltReality","link":"https:\/\/alternativa.lv\/en\/category\/altreality\/"},"img":{"alt_text":"","src":"https:\/\/i0.wp.com\/alternativa.lv\/wp-content\/uploads\/2020\/02\/18623420_1332864253433750_5988750874078479041_o.jpg?fit=569%2C341&ssl=1&resize=350%2C200","width":350,"height":200,"srcset":"https:\/\/i0.wp.com\/alternativa.lv\/wp-content\/uploads\/2020\/02\/18623420_1332864253433750_5988750874078479041_o.jpg?fit=569%2C341&ssl=1&resize=350%2C200 1x, https:\/\/i0.wp.com\/alternativa.lv\/wp-content\/uploads\/2020\/02\/18623420_1332864253433750_5988750874078479041_o.jpg?fit=569%2C341&ssl=1&resize=525%2C300 1.5x"},"classes":[]},{"id":10390,"url":"https:\/\/alternativa.lv\/en\/informativs-pasakums-jaunatnes-darbs-lauku-regionos\/","url_meta":{"origin":10444,"position":5},"title":"Informat\u012bvs pas\u0101kums &#8220;Jaunatnes darbs lauku re\u0123ionos&#8221;","author":"tesstemona","date":"15\/09\/2023","format":false,"excerpt":"Alternat\u012bv\u0101 Realit\u0101te, Kult\u016bras biedr\u012bba \/Alternative Reality sadarb\u012bb\u0101 ar \"MARTA R\u0113zekne aicina piedal\u012bties informat\u012bvaj\u0101 pas\u0101kum\u0101 \"Darbs ar jaunatni lauku re\u0123ionos\" ar m\u0113r\u0137i iepaz\u012bstin\u0101t jaunatnes darbiniekus ar neform\u0101l\u0101s izgl\u012bt\u012bbas principiem, metod\u0113m un r\u012bkiem, ko vi\u0146i var pielietot sava ikdienas darba ar jaunatni uzlabo\u0161anai un efekt\u012bv\u0101kai jaunie\u0161u iek\u013cau\u0161anai. Pas\u0101kuma laik\u0101 tiks prezent\u0113ta Erasmus+\u2026","rel":"","context":"In &quot;AltReality&quot;","block_context":{"text":"AltReality","link":"https:\/\/alternativa.lv\/en\/category\/altreality\/"},"img":{"alt_text":"","src":"https:\/\/i0.wp.com\/alternativa.lv\/wp-content\/uploads\/2023\/09\/web-banner-INFO-PASAKUMS-JAUNATNES-DARBINIEKIEM-OFST-UN-OCCATERRA-1200-%C3%97-675-px.png?fit=1200%2C675&ssl=1&resize=350%2C200","width":350,"height":200,"srcset":"https:\/\/i0.wp.com\/alternativa.lv\/wp-content\/uploads\/2023\/09\/web-banner-INFO-PASAKUMS-JAUNATNES-DARBINIEKIEM-OFST-UN-OCCATERRA-1200-%C3%97-675-px.png?fit=1200%2C675&ssl=1&resize=350%2C200 1x, https:\/\/i0.wp.com\/alternativa.lv\/wp-content\/uploads\/2023\/09\/web-banner-INFO-PASAKUMS-JAUNATNES-DARBINIEKIEM-OFST-UN-OCCATERRA-1200-%C3%97-675-px.png?fit=1200%2C675&ssl=1&resize=525%2C300 1.5x, https:\/\/i0.wp.com\/alternativa.lv\/wp-content\/uploads\/2023\/09\/web-banner-INFO-PASAKUMS-JAUNATNES-DARBINIEKIEM-OFST-UN-OCCATERRA-1200-%C3%97-675-px.png?fit=1200%2C675&ssl=1&resize=700%2C400 2x, https:\/\/i0.wp.com\/alternativa.lv\/wp-content\/uploads\/2023\/09\/web-banner-INFO-PASAKUMS-JAUNATNES-DARBINIEKIEM-OFST-UN-OCCATERRA-1200-%C3%97-675-px.png?fit=1200%2C675&ssl=1&resize=1050%2C600 3x"},"classes":[]}],"amp_enabled":true,"_links":{"self":[{"href":"https:\/\/alternativa.lv\/en\/wp-json\/wp\/v2\/posts\/10444","targetHints":{"allow":["GET"]}}],"collection":[{"href":"https:\/\/alternativa.lv\/en\/wp-json\/wp\/v2\/posts"}],"about":[{"href":"https:\/\/alternativa.lv\/en\/wp-json\/wp\/v2\/types\/post"}],"author":[{"embeddable":true,"href":"https:\/\/alternativa.lv\/en\/wp-json\/wp\/v2\/users\/133522584"}],"replies":[{"embeddable":true,"href":"https:\/\/alternativa.lv\/en\/wp-json\/wp\/v2\/comments?post=10444"}],"version-history":[{"count":9,"href":"https:\/\/alternativa.lv\/en\/wp-json\/wp\/v2\/posts\/10444\/revisions"}],"predecessor-version":[{"id":10648,"href":"https:\/\/alternativa.lv\/en\/wp-json\/wp\/v2\/posts\/10444\/revisions\/10648"}],"wp:featuredmedia":[{"embeddable":true,"href":"https:\/\/alternativa.lv\/en\/wp-json\/wp\/v2\/media\/10636"}],"wp:attachment":[{"href":"https:\/\/alternativa.lv\/en\/wp-json\/wp\/v2\/media?parent=10444"}],"wp:term":[{"taxonomy":"category","embeddable":true,"href":"https:\/\/alternativa.lv\/en\/wp-json\/wp\/v2\/categories?post=10444"},{"taxonomy":"post_tag","embeddable":true,"href":"https:\/\/alternativa.lv\/en\/wp-json\/wp\/v2\/tags?post=10444"},{"taxonomy":"post_folder","embeddable":true,"href":"https:\/\/alternativa.lv\/en\/wp-json\/wp\/v2\/post_folder?post=10444"}],"curies":[{"name":"wp","href":"https:\/\/api.w.org\/{rel}","templated":true}]}}