{"id":8764,"date":"2023-02-10T23:58:00","date_gmt":"2023-02-10T21:58:00","guid":{"rendered":"https:\/\/alternativa.lv\/?p=8764"},"modified":"2023-02-25T16:12:26","modified_gmt":"2023-02-25T14:12:26","slug":"ar-katru-reizi-musu-komanda-telo-arvien-labak-un-labak","status":"publish","type":"post","link":"https:\/\/alternativa.lv\/en\/ar-katru-reizi-musu-komanda-telo-arvien-labak-un-labak\/","title":{"rendered":"Ar katru reizi m\u016bsu komanda t\u0113lo arvien lab\u0101k un lab\u0101k!"},"content":{"rendered":"\n<p>Ar katru reizi m\u016bsu komanda t\u0113lo arvien lab\u0101k un lab\u0101k \ud83d\ude0d\ud83d\ude0d\ud83c\udf4a<\/p>\n\n\n\n<p>Viens no \u201eMandar\u012bnu Zemes\u201d m\u0113r\u0137iem ir iem\u0101c\u012bties ko jaunu, izmantojot neform\u0101l\u0101s m\u0101c\u012b\u0161an\u0101s metodes.&nbsp;<\/p>\n\n\n\n<p>Pas\u0101kuma laik\u0101 b\u0113rni tiek iepaz\u012bstin\u0101ti ar st\u0101stu par Mazo princi un dodas interakt\u012bv\u0101 ce\u013cojum\u0101, kura laik\u0101 vi\u0146i m\u0101c\u0101s sadarboties cits ar citu un piev\u0113rst uzman\u012bbu t\u0101d\u0101m liet\u0101m k\u0101 draudz\u012bba, god\u012bgums un m\u012blest\u012bba.&nbsp;<\/p>\n\n\n\n<p>Kop\u0101 ar b\u0113rniem m\u0101c\u0101s ar\u012b m\u016bsu br\u012bvpr\u0101t\u012bgie, jo b\u016bt burvim ir neaizmirstama pieredze.&nbsp;<\/p>\n\n\n\n<p>10.febru\u0101r\u012b m\u016bs priec\u0113ja b\u0113rni no \u0122imenes m\u0101jas \u201eP\u012bl\u0101dzis\u201d, Teritori\u0101l\u0101 centra \u201eDzirciems\u201d, Dienas centra b\u0113rniem un \u0123imen\u0113m \u201eTor\u0146akalns\u201d, Teritori\u0101l\u0101 centra \u201eAvoti\u201d un Kopienas centra \u201e\u0100be\u013czieds\u201d!<\/p>\n\n\n\n<p><a href=\"https:\/\/www.instagram.com\/explore\/tags\/manasolidarit%C4%81te\/\">#manasolidarit\u0101te<\/a><a href=\"https:\/\/www.instagram.com\/explore\/tags\/essolidarit%C4%81teskorpuss\/\">#ESSolidarit\u0101tesKorpuss<\/a><a href=\"https:\/\/www.instagram.com\/explore\/tags\/iesp%C4%93jasjaunie%C5%A1iem\/\">#iesp\u0113jasjaunie\u0161iem<\/a><a href=\"https:\/\/www.instagram.com\/explore\/tags\/jspa\/\">#JSPA<\/a><a href=\"https:\/\/www.instagram.com\/explore\/tags\/altreality\/\">#Altreality<\/a><a href=\"https:\/\/www.instagram.com\/explore\/tags\/eusolidaritycorps\/\">#EUSolidarityCorps<\/a><a href=\"https:\/\/www.instagram.com\/explore\/tags\/esc\/\">#ESC<\/a><a href=\"https:\/\/www.instagram.com\/explore\/tags\/mz2023\/\">#MZ2023<\/a><\/p>\n\n\n\n<figure class=\"wp-block-gallery has-nested-images columns-default is-cropped wp-block-gallery-1 is-layout-flex wp-block-gallery-is-layout-flex\">\n<figure class=\"wp-block-image size-large\"><img data-recalc-dims=\"1\" loading=\"lazy\" decoding=\"async\" width=\"800\" height=\"534\" data-attachment-id=\"8779\" data-permalink=\"https:\/\/alternativa.lv\/en\/ar-katru-reizi-musu-komanda-telo-arvien-labak-un-labak\/dsc04902\/\" data-orig-file=\"https:\/\/i0.wp.com\/alternativa.lv\/wp-content\/uploads\/2023\/02\/DSC04902.jpg?fit=1080%2C720&amp;ssl=1\" data-orig-size=\"1080,720\" data-comments-opened=\"0\" data-image-meta=\"{&quot;aperture&quot;:&quot;4.5&quot;,&quot;credit&quot;:&quot;&quot;,&quot;camera&quot;:&quot;ILCE-7M3&quot;,&quot;caption&quot;:&quot;&quot;,&quot;created_timestamp&quot;:&quot;1644493211&quot;,&quot;copyright&quot;:&quot;&quot;,&quot;focal_length&quot;:&quot;46&quot;,&quot;iso&quot;:&quot;800&quot;,&quot;shutter_speed&quot;:&quot;0.008&quot;,&quot;title&quot;:&quot;&quot;,&quot;orientation&quot;:&quot;0&quot;}\" data-image-title=\"DSC04902\" data-image-description=\"\" data-image-caption=\"\" data-large-file=\"https:\/\/i0.wp.com\/alternativa.lv\/wp-content\/uploads\/2023\/02\/DSC04902.jpg?fit=800%2C534&amp;ssl=1\" data-id=\"8779\" src=\"https:\/\/i0.wp.com\/alternativa.lv\/wp-content\/uploads\/2023\/02\/DSC04902.jpg?resize=800%2C534&#038;ssl=1\" alt=\"\" class=\"wp-image-8779\" srcset=\"https:\/\/i0.wp.com\/alternativa.lv\/wp-content\/uploads\/2023\/02\/DSC04902.jpg?resize=1024%2C683&amp;ssl=1 1024w, https:\/\/i0.wp.com\/alternativa.lv\/wp-content\/uploads\/2023\/02\/DSC04902.jpg?resize=300%2C200&amp;ssl=1 300w, https:\/\/i0.wp.com\/alternativa.lv\/wp-content\/uploads\/2023\/02\/DSC04902.jpg?resize=768%2C512&amp;ssl=1 768w, https:\/\/i0.wp.com\/alternativa.lv\/wp-content\/uploads\/2023\/02\/DSC04902.jpg?w=1080&amp;ssl=1 1080w\" sizes=\"auto, (max-width: 800px) 100vw, 800px\" \/><\/figure>\n\n\n\n<figure class=\"wp-block-image size-large\"><img data-recalc-dims=\"1\" loading=\"lazy\" decoding=\"async\" width=\"800\" height=\"534\" data-attachment-id=\"8780\" data-permalink=\"https:\/\/alternativa.lv\/en\/ar-katru-reizi-musu-komanda-telo-arvien-labak-un-labak\/dsc04921\/\" data-orig-file=\"https:\/\/i0.wp.com\/alternativa.lv\/wp-content\/uploads\/2023\/02\/DSC04921.jpg?fit=1080%2C720&amp;ssl=1\" data-orig-size=\"1080,720\" data-comments-opened=\"0\" data-image-meta=\"{&quot;aperture&quot;:&quot;4&quot;,&quot;credit&quot;:&quot;&quot;,&quot;camera&quot;:&quot;ILCE-7M3&quot;,&quot;caption&quot;:&quot;&quot;,&quot;created_timestamp&quot;:&quot;1644494176&quot;,&quot;copyright&quot;:&quot;&quot;,&quot;focal_length&quot;:&quot;36&quot;,&quot;iso&quot;:&quot;800&quot;,&quot;shutter_speed&quot;:&quot;0.008&quot;,&quot;title&quot;:&quot;&quot;,&quot;orientation&quot;:&quot;0&quot;}\" data-image-title=\"DSC04921\" data-image-description=\"\" data-image-caption=\"\" data-large-file=\"https:\/\/i0.wp.com\/alternativa.lv\/wp-content\/uploads\/2023\/02\/DSC04921.jpg?fit=800%2C534&amp;ssl=1\" data-id=\"8780\" src=\"https:\/\/i0.wp.com\/alternativa.lv\/wp-content\/uploads\/2023\/02\/DSC04921.jpg?resize=800%2C534&#038;ssl=1\" alt=\"\" class=\"wp-image-8780\" srcset=\"https:\/\/i0.wp.com\/alternativa.lv\/wp-content\/uploads\/2023\/02\/DSC04921.jpg?resize=1024%2C683&amp;ssl=1 1024w, https:\/\/i0.wp.com\/alternativa.lv\/wp-content\/uploads\/2023\/02\/DSC04921.jpg?resize=300%2C200&amp;ssl=1 300w, https:\/\/i0.wp.com\/alternativa.lv\/wp-content\/uploads\/2023\/02\/DSC04921.jpg?resize=768%2C512&amp;ssl=1 768w, https:\/\/i0.wp.com\/alternativa.lv\/wp-content\/uploads\/2023\/02\/DSC04921.jpg?w=1080&amp;ssl=1 1080w\" sizes=\"auto, (max-width: 800px) 100vw, 800px\" \/><\/figure>\n\n\n\n<figure class=\"wp-block-image size-large\"><img data-recalc-dims=\"1\" loading=\"lazy\" decoding=\"async\" width=\"800\" height=\"534\" data-attachment-id=\"8781\" data-permalink=\"https:\/\/alternativa.lv\/en\/ar-katru-reizi-musu-komanda-telo-arvien-labak-un-labak\/dsc04925\/\" data-orig-file=\"https:\/\/i0.wp.com\/alternativa.lv\/wp-content\/uploads\/2023\/02\/DSC04925.jpg?fit=1080%2C720&amp;ssl=1\" data-orig-size=\"1080,720\" data-comments-opened=\"0\" data-image-meta=\"{&quot;aperture&quot;:&quot;3.5&quot;,&quot;credit&quot;:&quot;&quot;,&quot;camera&quot;:&quot;ILCE-7M3&quot;,&quot;caption&quot;:&quot;&quot;,&quot;created_timestamp&quot;:&quot;1644494179&quot;,&quot;copyright&quot;:&quot;&quot;,&quot;focal_length&quot;:&quot;28&quot;,&quot;iso&quot;:&quot;800&quot;,&quot;shutter_speed&quot;:&quot;0.008&quot;,&quot;title&quot;:&quot;&quot;,&quot;orientation&quot;:&quot;0&quot;}\" data-image-title=\"DSC04925\" data-image-description=\"\" data-image-caption=\"\" data-large-file=\"https:\/\/i0.wp.com\/alternativa.lv\/wp-content\/uploads\/2023\/02\/DSC04925.jpg?fit=800%2C534&amp;ssl=1\" data-id=\"8781\" src=\"https:\/\/i0.wp.com\/alternativa.lv\/wp-content\/uploads\/2023\/02\/DSC04925.jpg?resize=800%2C534&#038;ssl=1\" alt=\"\" class=\"wp-image-8781\" srcset=\"https:\/\/i0.wp.com\/alternativa.lv\/wp-content\/uploads\/2023\/02\/DSC04925.jpg?resize=1024%2C683&amp;ssl=1 1024w, https:\/\/i0.wp.com\/alternativa.lv\/wp-content\/uploads\/2023\/02\/DSC04925.jpg?resize=300%2C200&amp;ssl=1 300w, https:\/\/i0.wp.com\/alternativa.lv\/wp-content\/uploads\/2023\/02\/DSC04925.jpg?resize=768%2C512&amp;ssl=1 768w, https:\/\/i0.wp.com\/alternativa.lv\/wp-content\/uploads\/2023\/02\/DSC04925.jpg?w=1080&amp;ssl=1 1080w\" sizes=\"auto, (max-width: 800px) 100vw, 800px\" \/><\/figure>\n\n\n\n<figure class=\"wp-block-image size-large\"><img data-recalc-dims=\"1\" loading=\"lazy\" decoding=\"async\" width=\"800\" height=\"534\" data-attachment-id=\"8782\" data-permalink=\"https:\/\/alternativa.lv\/en\/ar-katru-reizi-musu-komanda-telo-arvien-labak-un-labak\/dsc04933\/\" data-orig-file=\"https:\/\/i0.wp.com\/alternativa.lv\/wp-content\/uploads\/2023\/02\/DSC04933.jpg?fit=1080%2C720&amp;ssl=1\" data-orig-size=\"1080,720\" data-comments-opened=\"0\" data-image-meta=\"{&quot;aperture&quot;:&quot;4.5&quot;,&quot;credit&quot;:&quot;&quot;,&quot;camera&quot;:&quot;ILCE-7M3&quot;,&quot;caption&quot;:&quot;&quot;,&quot;created_timestamp&quot;:&quot;1644494195&quot;,&quot;copyright&quot;:&quot;&quot;,&quot;focal_length&quot;:&quot;49&quot;,&quot;iso&quot;:&quot;800&quot;,&quot;shutter_speed&quot;:&quot;0.008&quot;,&quot;title&quot;:&quot;&quot;,&quot;orientation&quot;:&quot;0&quot;}\" data-image-title=\"DSC04933\" data-image-description=\"\" data-image-caption=\"\" data-large-file=\"https:\/\/i0.wp.com\/alternativa.lv\/wp-content\/uploads\/2023\/02\/DSC04933.jpg?fit=800%2C534&amp;ssl=1\" data-id=\"8782\" src=\"https:\/\/i0.wp.com\/alternativa.lv\/wp-content\/uploads\/2023\/02\/DSC04933.jpg?resize=800%2C534&#038;ssl=1\" alt=\"\" class=\"wp-image-8782\" srcset=\"https:\/\/i0.wp.com\/alternativa.lv\/wp-content\/uploads\/2023\/02\/DSC04933.jpg?resize=1024%2C683&amp;ssl=1 1024w, https:\/\/i0.wp.com\/alternativa.lv\/wp-content\/uploads\/2023\/02\/DSC04933.jpg?resize=300%2C200&amp;ssl=1 300w, https:\/\/i0.wp.com\/alternativa.lv\/wp-content\/uploads\/2023\/02\/DSC04933.jpg?resize=768%2C512&amp;ssl=1 768w, https:\/\/i0.wp.com\/alternativa.lv\/wp-content\/uploads\/2023\/02\/DSC04933.jpg?w=1080&amp;ssl=1 1080w\" sizes=\"auto, (max-width: 800px) 100vw, 800px\" \/><\/figure>\n\n\n\n<figure class=\"wp-block-image size-large\"><img data-recalc-dims=\"1\" loading=\"lazy\" decoding=\"async\" width=\"800\" height=\"534\" data-attachment-id=\"8783\" data-permalink=\"https:\/\/alternativa.lv\/en\/ar-katru-reizi-musu-komanda-telo-arvien-labak-un-labak\/dsc04948\/\" data-orig-file=\"https:\/\/i0.wp.com\/alternativa.lv\/wp-content\/uploads\/2023\/02\/DSC04948.jpg?fit=1080%2C720&amp;ssl=1\" data-orig-size=\"1080,720\" data-comments-opened=\"0\" data-image-meta=\"{&quot;aperture&quot;:&quot;4.5&quot;,&quot;credit&quot;:&quot;&quot;,&quot;camera&quot;:&quot;ILCE-7M3&quot;,&quot;caption&quot;:&quot;&quot;,&quot;created_timestamp&quot;:&quot;1644494211&quot;,&quot;copyright&quot;:&quot;&quot;,&quot;focal_length&quot;:&quot;41&quot;,&quot;iso&quot;:&quot;800&quot;,&quot;shutter_speed&quot;:&quot;0.008&quot;,&quot;title&quot;:&quot;&quot;,&quot;orientation&quot;:&quot;0&quot;}\" data-image-title=\"DSC04948\" data-image-description=\"\" data-image-caption=\"\" data-large-file=\"https:\/\/i0.wp.com\/alternativa.lv\/wp-content\/uploads\/2023\/02\/DSC04948.jpg?fit=800%2C534&amp;ssl=1\" data-id=\"8783\" src=\"https:\/\/i0.wp.com\/alternativa.lv\/wp-content\/uploads\/2023\/02\/DSC04948.jpg?resize=800%2C534&#038;ssl=1\" alt=\"\" class=\"wp-image-8783\" srcset=\"https:\/\/i0.wp.com\/alternativa.lv\/wp-content\/uploads\/2023\/02\/DSC04948.jpg?resize=1024%2C683&amp;ssl=1 1024w, https:\/\/i0.wp.com\/alternativa.lv\/wp-content\/uploads\/2023\/02\/DSC04948.jpg?resize=300%2C200&amp;ssl=1 300w, https:\/\/i0.wp.com\/alternativa.lv\/wp-content\/uploads\/2023\/02\/DSC04948.jpg?resize=768%2C512&amp;ssl=1 768w, https:\/\/i0.wp.com\/alternativa.lv\/wp-content\/uploads\/2023\/02\/DSC04948.jpg?w=1080&amp;ssl=1 1080w\" sizes=\"auto, (max-width: 800px) 100vw, 800px\" \/><\/figure>\n\n\n\n<figure class=\"wp-block-image size-large\"><img data-recalc-dims=\"1\" loading=\"lazy\" decoding=\"async\" width=\"800\" height=\"534\" data-attachment-id=\"8784\" data-permalink=\"https:\/\/alternativa.lv\/en\/ar-katru-reizi-musu-komanda-telo-arvien-labak-un-labak\/dsc04952\/\" data-orig-file=\"https:\/\/i0.wp.com\/alternativa.lv\/wp-content\/uploads\/2023\/02\/DSC04952.jpg?fit=1080%2C720&amp;ssl=1\" data-orig-size=\"1080,720\" data-comments-opened=\"0\" data-image-meta=\"{&quot;aperture&quot;:&quot;3.5&quot;,&quot;credit&quot;:&quot;&quot;,&quot;camera&quot;:&quot;ILCE-7M3&quot;,&quot;caption&quot;:&quot;&quot;,&quot;created_timestamp&quot;:&quot;1644494215&quot;,&quot;copyright&quot;:&quot;&quot;,&quot;focal_length&quot;:&quot;28&quot;,&quot;iso&quot;:&quot;800&quot;,&quot;shutter_speed&quot;:&quot;0.008&quot;,&quot;title&quot;:&quot;&quot;,&quot;orientation&quot;:&quot;0&quot;}\" data-image-title=\"DSC04952\" data-image-description=\"\" data-image-caption=\"\" data-large-file=\"https:\/\/i0.wp.com\/alternativa.lv\/wp-content\/uploads\/2023\/02\/DSC04952.jpg?fit=800%2C534&amp;ssl=1\" data-id=\"8784\" src=\"https:\/\/i0.wp.com\/alternativa.lv\/wp-content\/uploads\/2023\/02\/DSC04952.jpg?resize=800%2C534&#038;ssl=1\" alt=\"\" class=\"wp-image-8784\" srcset=\"https:\/\/i0.wp.com\/alternativa.lv\/wp-content\/uploads\/2023\/02\/DSC04952.jpg?resize=1024%2C683&amp;ssl=1 1024w, https:\/\/i0.wp.com\/alternativa.lv\/wp-content\/uploads\/2023\/02\/DSC04952.jpg?resize=300%2C200&amp;ssl=1 300w, https:\/\/i0.wp.com\/alternativa.lv\/wp-content\/uploads\/2023\/02\/DSC04952.jpg?resize=768%2C512&amp;ssl=1 768w, https:\/\/i0.wp.com\/alternativa.lv\/wp-content\/uploads\/2023\/02\/DSC04952.jpg?w=1080&amp;ssl=1 1080w\" sizes=\"auto, (max-width: 800px) 100vw, 800px\" \/><\/figure>\n\n\n\n<figure class=\"wp-block-image size-large\"><img data-recalc-dims=\"1\" loading=\"lazy\" decoding=\"async\" width=\"800\" height=\"534\" data-attachment-id=\"8785\" data-permalink=\"https:\/\/alternativa.lv\/en\/ar-katru-reizi-musu-komanda-telo-arvien-labak-un-labak\/dsc04955\/\" data-orig-file=\"https:\/\/i0.wp.com\/alternativa.lv\/wp-content\/uploads\/2023\/02\/DSC04955.jpg?fit=1080%2C720&amp;ssl=1\" data-orig-size=\"1080,720\" data-comments-opened=\"0\" data-image-meta=\"{&quot;aperture&quot;:&quot;3.5&quot;,&quot;credit&quot;:&quot;&quot;,&quot;camera&quot;:&quot;ILCE-7M3&quot;,&quot;caption&quot;:&quot;&quot;,&quot;created_timestamp&quot;:&quot;1644494216&quot;,&quot;copyright&quot;:&quot;&quot;,&quot;focal_length&quot;:&quot;28&quot;,&quot;iso&quot;:&quot;800&quot;,&quot;shutter_speed&quot;:&quot;0.008&quot;,&quot;title&quot;:&quot;&quot;,&quot;orientation&quot;:&quot;0&quot;}\" data-image-title=\"DSC04955\" data-image-description=\"\" data-image-caption=\"\" data-large-file=\"https:\/\/i0.wp.com\/alternativa.lv\/wp-content\/uploads\/2023\/02\/DSC04955.jpg?fit=800%2C534&amp;ssl=1\" data-id=\"8785\" src=\"https:\/\/i0.wp.com\/alternativa.lv\/wp-content\/uploads\/2023\/02\/DSC04955.jpg?resize=800%2C534&#038;ssl=1\" alt=\"\" class=\"wp-image-8785\" srcset=\"https:\/\/i0.wp.com\/alternativa.lv\/wp-content\/uploads\/2023\/02\/DSC04955.jpg?resize=1024%2C683&amp;ssl=1 1024w, https:\/\/i0.wp.com\/alternativa.lv\/wp-content\/uploads\/2023\/02\/DSC04955.jpg?resize=300%2C200&amp;ssl=1 300w, https:\/\/i0.wp.com\/alternativa.lv\/wp-content\/uploads\/2023\/02\/DSC04955.jpg?resize=768%2C512&amp;ssl=1 768w, https:\/\/i0.wp.com\/alternativa.lv\/wp-content\/uploads\/2023\/02\/DSC04955.jpg?w=1080&amp;ssl=1 1080w\" sizes=\"auto, (max-width: 800px) 100vw, 800px\" \/><\/figure>\n\n\n\n<figure class=\"wp-block-image size-large\"><img data-recalc-dims=\"1\" loading=\"lazy\" decoding=\"async\" width=\"800\" height=\"534\" data-attachment-id=\"8786\" data-permalink=\"https:\/\/alternativa.lv\/en\/ar-katru-reizi-musu-komanda-telo-arvien-labak-un-labak\/dsc04959\/\" data-orig-file=\"https:\/\/i0.wp.com\/alternativa.lv\/wp-content\/uploads\/2023\/02\/DSC04959.jpg?fit=1080%2C720&amp;ssl=1\" data-orig-size=\"1080,720\" data-comments-opened=\"0\" data-image-meta=\"{&quot;aperture&quot;:&quot;3.5&quot;,&quot;credit&quot;:&quot;&quot;,&quot;camera&quot;:&quot;ILCE-7M3&quot;,&quot;caption&quot;:&quot;&quot;,&quot;created_timestamp&quot;:&quot;1644494220&quot;,&quot;copyright&quot;:&quot;&quot;,&quot;focal_length&quot;:&quot;28&quot;,&quot;iso&quot;:&quot;800&quot;,&quot;shutter_speed&quot;:&quot;0.008&quot;,&quot;title&quot;:&quot;&quot;,&quot;orientation&quot;:&quot;0&quot;}\" data-image-title=\"DSC04959\" data-image-description=\"\" data-image-caption=\"\" data-large-file=\"https:\/\/i0.wp.com\/alternativa.lv\/wp-content\/uploads\/2023\/02\/DSC04959.jpg?fit=800%2C534&amp;ssl=1\" data-id=\"8786\" src=\"https:\/\/i0.wp.com\/alternativa.lv\/wp-content\/uploads\/2023\/02\/DSC04959.jpg?resize=800%2C534&#038;ssl=1\" alt=\"\" class=\"wp-image-8786\" srcset=\"https:\/\/i0.wp.com\/alternativa.lv\/wp-content\/uploads\/2023\/02\/DSC04959.jpg?resize=1024%2C683&amp;ssl=1 1024w, https:\/\/i0.wp.com\/alternativa.lv\/wp-content\/uploads\/2023\/02\/DSC04959.jpg?resize=300%2C200&amp;ssl=1 300w, https:\/\/i0.wp.com\/alternativa.lv\/wp-content\/uploads\/2023\/02\/DSC04959.jpg?resize=768%2C512&amp;ssl=1 768w, https:\/\/i0.wp.com\/alternativa.lv\/wp-content\/uploads\/2023\/02\/DSC04959.jpg?w=1080&amp;ssl=1 1080w\" sizes=\"auto, (max-width: 800px) 100vw, 800px\" \/><\/figure>\n\n\n\n<figure class=\"wp-block-image size-large\"><img data-recalc-dims=\"1\" loading=\"lazy\" decoding=\"async\" width=\"800\" height=\"534\" data-attachment-id=\"8787\" data-permalink=\"https:\/\/alternativa.lv\/en\/ar-katru-reizi-musu-komanda-telo-arvien-labak-un-labak\/dsc04996\/\" data-orig-file=\"https:\/\/i0.wp.com\/alternativa.lv\/wp-content\/uploads\/2023\/02\/DSC04996.jpg?fit=1080%2C720&amp;ssl=1\" data-orig-size=\"1080,720\" data-comments-opened=\"0\" data-image-meta=\"{&quot;aperture&quot;:&quot;5&quot;,&quot;credit&quot;:&quot;&quot;,&quot;camera&quot;:&quot;ILCE-7M3&quot;,&quot;caption&quot;:&quot;&quot;,&quot;created_timestamp&quot;:&quot;1644494265&quot;,&quot;copyright&quot;:&quot;&quot;,&quot;focal_length&quot;:&quot;53&quot;,&quot;iso&quot;:&quot;800&quot;,&quot;shutter_speed&quot;:&quot;0.00625&quot;,&quot;title&quot;:&quot;&quot;,&quot;orientation&quot;:&quot;0&quot;}\" data-image-title=\"DSC04996\" data-image-description=\"\" data-image-caption=\"\" data-large-file=\"https:\/\/i0.wp.com\/alternativa.lv\/wp-content\/uploads\/2023\/02\/DSC04996.jpg?fit=800%2C534&amp;ssl=1\" data-id=\"8787\" src=\"https:\/\/i0.wp.com\/alternativa.lv\/wp-content\/uploads\/2023\/02\/DSC04996.jpg?resize=800%2C534&#038;ssl=1\" alt=\"\" class=\"wp-image-8787\" srcset=\"https:\/\/i0.wp.com\/alternativa.lv\/wp-content\/uploads\/2023\/02\/DSC04996.jpg?resize=1024%2C683&amp;ssl=1 1024w, https:\/\/i0.wp.com\/alternativa.lv\/wp-content\/uploads\/2023\/02\/DSC04996.jpg?resize=300%2C200&amp;ssl=1 300w, https:\/\/i0.wp.com\/alternativa.lv\/wp-content\/uploads\/2023\/02\/DSC04996.jpg?resize=768%2C512&amp;ssl=1 768w, https:\/\/i0.wp.com\/alternativa.lv\/wp-content\/uploads\/2023\/02\/DSC04996.jpg?w=1080&amp;ssl=1 1080w\" sizes=\"auto, (max-width: 800px) 100vw, 800px\" \/><\/figure>\n\n\n\n<figure class=\"wp-block-image size-large\"><img data-recalc-dims=\"1\" loading=\"lazy\" decoding=\"async\" width=\"800\" height=\"534\" data-attachment-id=\"8788\" data-permalink=\"https:\/\/alternativa.lv\/en\/ar-katru-reizi-musu-komanda-telo-arvien-labak-un-labak\/dsc05029\/\" data-orig-file=\"https:\/\/i0.wp.com\/alternativa.lv\/wp-content\/uploads\/2023\/02\/DSC05029.jpg?fit=1080%2C720&amp;ssl=1\" data-orig-size=\"1080,720\" data-comments-opened=\"0\" data-image-meta=\"{&quot;aperture&quot;:&quot;3.5&quot;,&quot;credit&quot;:&quot;&quot;,&quot;camera&quot;:&quot;ILCE-7M3&quot;,&quot;caption&quot;:&quot;&quot;,&quot;created_timestamp&quot;:&quot;1644494360&quot;,&quot;copyright&quot;:&quot;&quot;,&quot;focal_length&quot;:&quot;28&quot;,&quot;iso&quot;:&quot;800&quot;,&quot;shutter_speed&quot;:&quot;0.00625&quot;,&quot;title&quot;:&quot;&quot;,&quot;orientation&quot;:&quot;0&quot;}\" data-image-title=\"DSC05029\" data-image-description=\"\" data-image-caption=\"\" data-large-file=\"https:\/\/i0.wp.com\/alternativa.lv\/wp-content\/uploads\/2023\/02\/DSC05029.jpg?fit=800%2C534&amp;ssl=1\" data-id=\"8788\" src=\"https:\/\/i0.wp.com\/alternativa.lv\/wp-content\/uploads\/2023\/02\/DSC05029.jpg?resize=800%2C534&#038;ssl=1\" alt=\"\" class=\"wp-image-8788\" srcset=\"https:\/\/i0.wp.com\/alternativa.lv\/wp-content\/uploads\/2023\/02\/DSC05029.jpg?resize=1024%2C683&amp;ssl=1 1024w, https:\/\/i0.wp.com\/alternativa.lv\/wp-content\/uploads\/2023\/02\/DSC05029.jpg?resize=300%2C200&amp;ssl=1 300w, https:\/\/i0.wp.com\/alternativa.lv\/wp-content\/uploads\/2023\/02\/DSC05029.jpg?resize=768%2C512&amp;ssl=1 768w, https:\/\/i0.wp.com\/alternativa.lv\/wp-content\/uploads\/2023\/02\/DSC05029.jpg?w=1080&amp;ssl=1 1080w\" sizes=\"auto, (max-width: 800px) 100vw, 800px\" \/><\/figure>\n\n\n\n<figure class=\"wp-block-image size-large\"><img data-recalc-dims=\"1\" loading=\"lazy\" decoding=\"async\" width=\"800\" height=\"534\" data-attachment-id=\"8789\" data-permalink=\"https:\/\/alternativa.lv\/en\/ar-katru-reizi-musu-komanda-telo-arvien-labak-un-labak\/dsc05016\/\" data-orig-file=\"https:\/\/i0.wp.com\/alternativa.lv\/wp-content\/uploads\/2023\/02\/DSC05016.jpg?fit=1080%2C720&amp;ssl=1\" data-orig-size=\"1080,720\" data-comments-opened=\"0\" data-image-meta=\"{&quot;aperture&quot;:&quot;4.5&quot;,&quot;credit&quot;:&quot;&quot;,&quot;camera&quot;:&quot;ILCE-7M3&quot;,&quot;caption&quot;:&quot;&quot;,&quot;created_timestamp&quot;:&quot;1644494291&quot;,&quot;copyright&quot;:&quot;&quot;,&quot;focal_length&quot;:&quot;46&quot;,&quot;iso&quot;:&quot;800&quot;,&quot;shutter_speed&quot;:&quot;0.00625&quot;,&quot;title&quot;:&quot;&quot;,&quot;orientation&quot;:&quot;0&quot;}\" data-image-title=\"DSC05016\" data-image-description=\"\" data-image-caption=\"\" data-large-file=\"https:\/\/i0.wp.com\/alternativa.lv\/wp-content\/uploads\/2023\/02\/DSC05016.jpg?fit=800%2C534&amp;ssl=1\" data-id=\"8789\" src=\"https:\/\/i0.wp.com\/alternativa.lv\/wp-content\/uploads\/2023\/02\/DSC05016.jpg?resize=800%2C534&#038;ssl=1\" alt=\"\" class=\"wp-image-8789\" srcset=\"https:\/\/i0.wp.com\/alternativa.lv\/wp-content\/uploads\/2023\/02\/DSC05016.jpg?resize=1024%2C683&amp;ssl=1 1024w, https:\/\/i0.wp.com\/alternativa.lv\/wp-content\/uploads\/2023\/02\/DSC05016.jpg?resize=300%2C200&amp;ssl=1 300w, https:\/\/i0.wp.com\/alternativa.lv\/wp-content\/uploads\/2023\/02\/DSC05016.jpg?resize=768%2C512&amp;ssl=1 768w, https:\/\/i0.wp.com\/alternativa.lv\/wp-content\/uploads\/2023\/02\/DSC05016.jpg?w=1080&amp;ssl=1 1080w\" sizes=\"auto, (max-width: 800px) 100vw, 800px\" \/><\/figure>\n\n\n\n<figure class=\"wp-block-image size-large\"><img data-recalc-dims=\"1\" loading=\"lazy\" decoding=\"async\" width=\"800\" height=\"534\" data-attachment-id=\"8790\" data-permalink=\"https:\/\/alternativa.lv\/en\/ar-katru-reizi-musu-komanda-telo-arvien-labak-un-labak\/dsc05120\/\" data-orig-file=\"https:\/\/i0.wp.com\/alternativa.lv\/wp-content\/uploads\/2023\/02\/DSC05120.jpg?fit=1080%2C720&amp;ssl=1\" data-orig-size=\"1080,720\" data-comments-opened=\"0\" data-image-meta=\"{&quot;aperture&quot;:&quot;5.6&quot;,&quot;credit&quot;:&quot;&quot;,&quot;camera&quot;:&quot;ILCE-7M3&quot;,&quot;caption&quot;:&quot;&quot;,&quot;created_timestamp&quot;:&quot;1644494489&quot;,&quot;copyright&quot;:&quot;&quot;,&quot;focal_length&quot;:&quot;68&quot;,&quot;iso&quot;:&quot;800&quot;,&quot;shutter_speed&quot;:&quot;0.01&quot;,&quot;title&quot;:&quot;&quot;,&quot;orientation&quot;:&quot;0&quot;}\" data-image-title=\"DSC05120\" data-image-description=\"\" data-image-caption=\"\" data-large-file=\"https:\/\/i0.wp.com\/alternativa.lv\/wp-content\/uploads\/2023\/02\/DSC05120.jpg?fit=800%2C534&amp;ssl=1\" data-id=\"8790\" src=\"https:\/\/i0.wp.com\/alternativa.lv\/wp-content\/uploads\/2023\/02\/DSC05120.jpg?resize=800%2C534&#038;ssl=1\" alt=\"\" class=\"wp-image-8790\" srcset=\"https:\/\/i0.wp.com\/alternativa.lv\/wp-content\/uploads\/2023\/02\/DSC05120.jpg?resize=1024%2C683&amp;ssl=1 1024w, https:\/\/i0.wp.com\/alternativa.lv\/wp-content\/uploads\/2023\/02\/DSC05120.jpg?resize=300%2C200&amp;ssl=1 300w, https:\/\/i0.wp.com\/alternativa.lv\/wp-content\/uploads\/2023\/02\/DSC05120.jpg?resize=768%2C512&amp;ssl=1 768w, https:\/\/i0.wp.com\/alternativa.lv\/wp-content\/uploads\/2023\/02\/DSC05120.jpg?w=1080&amp;ssl=1 1080w\" sizes=\"auto, (max-width: 800px) 100vw, 800px\" \/><\/figure>\n\n\n\n<figure class=\"wp-block-image size-large\"><img data-recalc-dims=\"1\" loading=\"lazy\" decoding=\"async\" width=\"800\" height=\"534\" data-attachment-id=\"8791\" data-permalink=\"https:\/\/alternativa.lv\/en\/ar-katru-reizi-musu-komanda-telo-arvien-labak-un-labak\/dsc05163\/\" data-orig-file=\"https:\/\/i0.wp.com\/alternativa.lv\/wp-content\/uploads\/2023\/02\/DSC05163.jpg?fit=1080%2C720&amp;ssl=1\" data-orig-size=\"1080,720\" data-comments-opened=\"0\" data-image-meta=\"{&quot;aperture&quot;:&quot;4.5&quot;,&quot;credit&quot;:&quot;&quot;,&quot;camera&quot;:&quot;ILCE-7M3&quot;,&quot;caption&quot;:&quot;&quot;,&quot;created_timestamp&quot;:&quot;1644494619&quot;,&quot;copyright&quot;:&quot;&quot;,&quot;focal_length&quot;:&quot;46&quot;,&quot;iso&quot;:&quot;800&quot;,&quot;shutter_speed&quot;:&quot;0.01&quot;,&quot;title&quot;:&quot;&quot;,&quot;orientation&quot;:&quot;0&quot;}\" data-image-title=\"DSC05163\" data-image-description=\"\" data-image-caption=\"\" data-large-file=\"https:\/\/i0.wp.com\/alternativa.lv\/wp-content\/uploads\/2023\/02\/DSC05163.jpg?fit=800%2C534&amp;ssl=1\" data-id=\"8791\" src=\"https:\/\/i0.wp.com\/alternativa.lv\/wp-content\/uploads\/2023\/02\/DSC05163.jpg?resize=800%2C534&#038;ssl=1\" alt=\"\" class=\"wp-image-8791\" srcset=\"https:\/\/i0.wp.com\/alternativa.lv\/wp-content\/uploads\/2023\/02\/DSC05163.jpg?resize=1024%2C683&amp;ssl=1 1024w, https:\/\/i0.wp.com\/alternativa.lv\/wp-content\/uploads\/2023\/02\/DSC05163.jpg?resize=300%2C200&amp;ssl=1 300w, https:\/\/i0.wp.com\/alternativa.lv\/wp-content\/uploads\/2023\/02\/DSC05163.jpg?resize=768%2C512&amp;ssl=1 768w, https:\/\/i0.wp.com\/alternativa.lv\/wp-content\/uploads\/2023\/02\/DSC05163.jpg?w=1080&amp;ssl=1 1080w\" sizes=\"auto, (max-width: 800px) 100vw, 800px\" \/><\/figure>\n\n\n\n<figure class=\"wp-block-image size-large\"><img data-recalc-dims=\"1\" loading=\"lazy\" decoding=\"async\" width=\"800\" height=\"534\" data-attachment-id=\"8792\" data-permalink=\"https:\/\/alternativa.lv\/en\/ar-katru-reizi-musu-komanda-telo-arvien-labak-un-labak\/dsc05199\/\" data-orig-file=\"https:\/\/i0.wp.com\/alternativa.lv\/wp-content\/uploads\/2023\/02\/DSC05199.jpg?fit=1080%2C720&amp;ssl=1\" data-orig-size=\"1080,720\" data-comments-opened=\"0\" data-image-meta=\"{&quot;aperture&quot;:&quot;5&quot;,&quot;credit&quot;:&quot;&quot;,&quot;camera&quot;:&quot;ILCE-7M3&quot;,&quot;caption&quot;:&quot;&quot;,&quot;created_timestamp&quot;:&quot;1644495647&quot;,&quot;copyright&quot;:&quot;&quot;,&quot;focal_length&quot;:&quot;54&quot;,&quot;iso&quot;:&quot;1000&quot;,&quot;shutter_speed&quot;:&quot;0.008&quot;,&quot;title&quot;:&quot;&quot;,&quot;orientation&quot;:&quot;0&quot;}\" data-image-title=\"DSC05199\" data-image-description=\"\" data-image-caption=\"\" data-large-file=\"https:\/\/i0.wp.com\/alternativa.lv\/wp-content\/uploads\/2023\/02\/DSC05199.jpg?fit=800%2C534&amp;ssl=1\" data-id=\"8792\" src=\"https:\/\/i0.wp.com\/alternativa.lv\/wp-content\/uploads\/2023\/02\/DSC05199.jpg?resize=800%2C534&#038;ssl=1\" alt=\"\" class=\"wp-image-8792\" srcset=\"https:\/\/i0.wp.com\/alternativa.lv\/wp-content\/uploads\/2023\/02\/DSC05199.jpg?resize=1024%2C683&amp;ssl=1 1024w, https:\/\/i0.wp.com\/alternativa.lv\/wp-content\/uploads\/2023\/02\/DSC05199.jpg?resize=300%2C200&amp;ssl=1 300w, https:\/\/i0.wp.com\/alternativa.lv\/wp-content\/uploads\/2023\/02\/DSC05199.jpg?resize=768%2C512&amp;ssl=1 768w, https:\/\/i0.wp.com\/alternativa.lv\/wp-content\/uploads\/2023\/02\/DSC05199.jpg?w=1080&amp;ssl=1 1080w\" sizes=\"auto, (max-width: 800px) 100vw, 800px\" \/><\/figure>\n\n\n\n<figure class=\"wp-block-image size-large\"><img data-recalc-dims=\"1\" loading=\"lazy\" decoding=\"async\" width=\"800\" height=\"534\" data-attachment-id=\"8793\" data-permalink=\"https:\/\/alternativa.lv\/en\/ar-katru-reizi-musu-komanda-telo-arvien-labak-un-labak\/dsc05201\/\" data-orig-file=\"https:\/\/i0.wp.com\/alternativa.lv\/wp-content\/uploads\/2023\/02\/DSC05201.jpg?fit=1080%2C720&amp;ssl=1\" data-orig-size=\"1080,720\" data-comments-opened=\"0\" data-image-meta=\"{&quot;aperture&quot;:&quot;5&quot;,&quot;credit&quot;:&quot;&quot;,&quot;camera&quot;:&quot;ILCE-7M3&quot;,&quot;caption&quot;:&quot;&quot;,&quot;created_timestamp&quot;:&quot;1644495648&quot;,&quot;copyright&quot;:&quot;&quot;,&quot;focal_length&quot;:&quot;54&quot;,&quot;iso&quot;:&quot;1000&quot;,&quot;shutter_speed&quot;:&quot;0.008&quot;,&quot;title&quot;:&quot;&quot;,&quot;orientation&quot;:&quot;0&quot;}\" data-image-title=\"DSC05201\" data-image-description=\"\" data-image-caption=\"\" data-large-file=\"https:\/\/i0.wp.com\/alternativa.lv\/wp-content\/uploads\/2023\/02\/DSC05201.jpg?fit=800%2C534&amp;ssl=1\" data-id=\"8793\" src=\"https:\/\/i0.wp.com\/alternativa.lv\/wp-content\/uploads\/2023\/02\/DSC05201.jpg?resize=800%2C534&#038;ssl=1\" alt=\"\" class=\"wp-image-8793\" srcset=\"https:\/\/i0.wp.com\/alternativa.lv\/wp-content\/uploads\/2023\/02\/DSC05201.jpg?resize=1024%2C683&amp;ssl=1 1024w, https:\/\/i0.wp.com\/alternativa.lv\/wp-content\/uploads\/2023\/02\/DSC05201.jpg?resize=300%2C200&amp;ssl=1 300w, https:\/\/i0.wp.com\/alternativa.lv\/wp-content\/uploads\/2023\/02\/DSC05201.jpg?resize=768%2C512&amp;ssl=1 768w, https:\/\/i0.wp.com\/alternativa.lv\/wp-content\/uploads\/2023\/02\/DSC05201.jpg?w=1080&amp;ssl=1 1080w\" sizes=\"auto, (max-width: 800px) 100vw, 800px\" \/><\/figure>\n\n\n\n<figure class=\"wp-block-image size-large\"><img data-recalc-dims=\"1\" loading=\"lazy\" decoding=\"async\" width=\"800\" height=\"534\" data-attachment-id=\"8794\" data-permalink=\"https:\/\/alternativa.lv\/en\/ar-katru-reizi-musu-komanda-telo-arvien-labak-un-labak\/dsc05260\/\" data-orig-file=\"https:\/\/i0.wp.com\/alternativa.lv\/wp-content\/uploads\/2023\/02\/DSC05260.jpg?fit=1080%2C720&amp;ssl=1\" data-orig-size=\"1080,720\" data-comments-opened=\"0\" data-image-meta=\"{&quot;aperture&quot;:&quot;3.5&quot;,&quot;credit&quot;:&quot;&quot;,&quot;camera&quot;:&quot;ILCE-7M3&quot;,&quot;caption&quot;:&quot;&quot;,&quot;created_timestamp&quot;:&quot;1644496977&quot;,&quot;copyright&quot;:&quot;&quot;,&quot;focal_length&quot;:&quot;28&quot;,&quot;iso&quot;:&quot;1000&quot;,&quot;shutter_speed&quot;:&quot;0.008&quot;,&quot;title&quot;:&quot;&quot;,&quot;orientation&quot;:&quot;0&quot;}\" data-image-title=\"DSC05260\" data-image-description=\"\" data-image-caption=\"\" data-large-file=\"https:\/\/i0.wp.com\/alternativa.lv\/wp-content\/uploads\/2023\/02\/DSC05260.jpg?fit=800%2C534&amp;ssl=1\" data-id=\"8794\" src=\"https:\/\/i0.wp.com\/alternativa.lv\/wp-content\/uploads\/2023\/02\/DSC05260.jpg?resize=800%2C534&#038;ssl=1\" alt=\"\" class=\"wp-image-8794\" srcset=\"https:\/\/i0.wp.com\/alternativa.lv\/wp-content\/uploads\/2023\/02\/DSC05260.jpg?resize=1024%2C683&amp;ssl=1 1024w, https:\/\/i0.wp.com\/alternativa.lv\/wp-content\/uploads\/2023\/02\/DSC05260.jpg?resize=300%2C200&amp;ssl=1 300w, https:\/\/i0.wp.com\/alternativa.lv\/wp-content\/uploads\/2023\/02\/DSC05260.jpg?resize=768%2C512&amp;ssl=1 768w, https:\/\/i0.wp.com\/alternativa.lv\/wp-content\/uploads\/2023\/02\/DSC05260.jpg?w=1080&amp;ssl=1 1080w\" sizes=\"auto, (max-width: 800px) 100vw, 800px\" \/><\/figure>\n\n\n\n<figure class=\"wp-block-image size-large\"><img data-recalc-dims=\"1\" loading=\"lazy\" decoding=\"async\" width=\"800\" height=\"534\" data-attachment-id=\"8795\" data-permalink=\"https:\/\/alternativa.lv\/en\/ar-katru-reizi-musu-komanda-telo-arvien-labak-un-labak\/dsc05239\/\" data-orig-file=\"https:\/\/i0.wp.com\/alternativa.lv\/wp-content\/uploads\/2023\/02\/DSC05239.jpg?fit=1080%2C720&amp;ssl=1\" data-orig-size=\"1080,720\" data-comments-opened=\"0\" data-image-meta=\"{&quot;aperture&quot;:&quot;3.5&quot;,&quot;credit&quot;:&quot;&quot;,&quot;camera&quot;:&quot;ILCE-7M3&quot;,&quot;caption&quot;:&quot;&quot;,&quot;created_timestamp&quot;:&quot;1644496950&quot;,&quot;copyright&quot;:&quot;&quot;,&quot;focal_length&quot;:&quot;28&quot;,&quot;iso&quot;:&quot;1000&quot;,&quot;shutter_speed&quot;:&quot;0.008&quot;,&quot;title&quot;:&quot;&quot;,&quot;orientation&quot;:&quot;0&quot;}\" data-image-title=\"DSC05239\" data-image-description=\"\" data-image-caption=\"\" data-large-file=\"https:\/\/i0.wp.com\/alternativa.lv\/wp-content\/uploads\/2023\/02\/DSC05239.jpg?fit=800%2C534&amp;ssl=1\" data-id=\"8795\" src=\"https:\/\/i0.wp.com\/alternativa.lv\/wp-content\/uploads\/2023\/02\/DSC05239.jpg?resize=800%2C534&#038;ssl=1\" alt=\"\" class=\"wp-image-8795\" srcset=\"https:\/\/i0.wp.com\/alternativa.lv\/wp-content\/uploads\/2023\/02\/DSC05239.jpg?resize=1024%2C683&amp;ssl=1 1024w, https:\/\/i0.wp.com\/alternativa.lv\/wp-content\/uploads\/2023\/02\/DSC05239.jpg?resize=300%2C200&amp;ssl=1 300w, https:\/\/i0.wp.com\/alternativa.lv\/wp-content\/uploads\/2023\/02\/DSC05239.jpg?resize=768%2C512&amp;ssl=1 768w, https:\/\/i0.wp.com\/alternativa.lv\/wp-content\/uploads\/2023\/02\/DSC05239.jpg?w=1080&amp;ssl=1 1080w\" sizes=\"auto, (max-width: 800px) 100vw, 800px\" \/><\/figure>\n\n\n\n<figure class=\"wp-block-image size-large\"><img data-recalc-dims=\"1\" loading=\"lazy\" decoding=\"async\" width=\"800\" height=\"534\" data-attachment-id=\"8796\" data-permalink=\"https:\/\/alternativa.lv\/en\/ar-katru-reizi-musu-komanda-telo-arvien-labak-un-labak\/dsc05211\/\" data-orig-file=\"https:\/\/i0.wp.com\/alternativa.lv\/wp-content\/uploads\/2023\/02\/DSC05211.jpg?fit=1080%2C720&amp;ssl=1\" data-orig-size=\"1080,720\" data-comments-opened=\"0\" data-image-meta=\"{&quot;aperture&quot;:&quot;4&quot;,&quot;credit&quot;:&quot;&quot;,&quot;camera&quot;:&quot;ILCE-7M3&quot;,&quot;caption&quot;:&quot;&quot;,&quot;created_timestamp&quot;:&quot;1644496913&quot;,&quot;copyright&quot;:&quot;&quot;,&quot;focal_length&quot;:&quot;28&quot;,&quot;iso&quot;:&quot;1000&quot;,&quot;shutter_speed&quot;:&quot;0.008&quot;,&quot;title&quot;:&quot;&quot;,&quot;orientation&quot;:&quot;0&quot;}\" data-image-title=\"DSC05211\" data-image-description=\"\" data-image-caption=\"\" data-large-file=\"https:\/\/i0.wp.com\/alternativa.lv\/wp-content\/uploads\/2023\/02\/DSC05211.jpg?fit=800%2C534&amp;ssl=1\" data-id=\"8796\" src=\"https:\/\/i0.wp.com\/alternativa.lv\/wp-content\/uploads\/2023\/02\/DSC05211.jpg?resize=800%2C534&#038;ssl=1\" alt=\"\" class=\"wp-image-8796\" srcset=\"https:\/\/i0.wp.com\/alternativa.lv\/wp-content\/uploads\/2023\/02\/DSC05211.jpg?resize=1024%2C683&amp;ssl=1 1024w, https:\/\/i0.wp.com\/alternativa.lv\/wp-content\/uploads\/2023\/02\/DSC05211.jpg?resize=300%2C200&amp;ssl=1 300w, https:\/\/i0.wp.com\/alternativa.lv\/wp-content\/uploads\/2023\/02\/DSC05211.jpg?resize=768%2C512&amp;ssl=1 768w, https:\/\/i0.wp.com\/alternativa.lv\/wp-content\/uploads\/2023\/02\/DSC05211.jpg?w=1080&amp;ssl=1 1080w\" sizes=\"auto, (max-width: 800px) 100vw, 800px\" \/><\/figure>\n\n\n\n<figure class=\"wp-block-image size-large\"><img data-recalc-dims=\"1\" loading=\"lazy\" decoding=\"async\" width=\"800\" height=\"534\" data-attachment-id=\"8797\" data-permalink=\"https:\/\/alternativa.lv\/en\/ar-katru-reizi-musu-komanda-telo-arvien-labak-un-labak\/dsc05301\/\" data-orig-file=\"https:\/\/i0.wp.com\/alternativa.lv\/wp-content\/uploads\/2023\/02\/DSC05301.jpg?fit=1080%2C720&amp;ssl=1\" data-orig-size=\"1080,720\" data-comments-opened=\"0\" data-image-meta=\"{&quot;aperture&quot;:&quot;3.5&quot;,&quot;credit&quot;:&quot;&quot;,&quot;camera&quot;:&quot;ILCE-7M3&quot;,&quot;caption&quot;:&quot;&quot;,&quot;created_timestamp&quot;:&quot;1644499459&quot;,&quot;copyright&quot;:&quot;&quot;,&quot;focal_length&quot;:&quot;28&quot;,&quot;iso&quot;:&quot;1000&quot;,&quot;shutter_speed&quot;:&quot;0.008&quot;,&quot;title&quot;:&quot;&quot;,&quot;orientation&quot;:&quot;0&quot;}\" data-image-title=\"DSC05301\" data-image-description=\"\" data-image-caption=\"\" data-large-file=\"https:\/\/i0.wp.com\/alternativa.lv\/wp-content\/uploads\/2023\/02\/DSC05301.jpg?fit=800%2C534&amp;ssl=1\" data-id=\"8797\" src=\"https:\/\/i0.wp.com\/alternativa.lv\/wp-content\/uploads\/2023\/02\/DSC05301.jpg?resize=800%2C534&#038;ssl=1\" alt=\"\" class=\"wp-image-8797\" srcset=\"https:\/\/i0.wp.com\/alternativa.lv\/wp-content\/uploads\/2023\/02\/DSC05301.jpg?resize=1024%2C683&amp;ssl=1 1024w, https:\/\/i0.wp.com\/alternativa.lv\/wp-content\/uploads\/2023\/02\/DSC05301.jpg?resize=300%2C200&amp;ssl=1 300w, https:\/\/i0.wp.com\/alternativa.lv\/wp-content\/uploads\/2023\/02\/DSC05301.jpg?resize=768%2C512&amp;ssl=1 768w, https:\/\/i0.wp.com\/alternativa.lv\/wp-content\/uploads\/2023\/02\/DSC05301.jpg?w=1080&amp;ssl=1 1080w\" sizes=\"auto, (max-width: 800px) 100vw, 800px\" \/><\/figure>\n\n\n\n<figure class=\"wp-block-image size-large\"><img data-recalc-dims=\"1\" loading=\"lazy\" decoding=\"async\" width=\"800\" height=\"534\" data-attachment-id=\"8798\" data-permalink=\"https:\/\/alternativa.lv\/en\/ar-katru-reizi-musu-komanda-telo-arvien-labak-un-labak\/dsc05314\/\" data-orig-file=\"https:\/\/i0.wp.com\/alternativa.lv\/wp-content\/uploads\/2023\/02\/DSC05314.jpg?fit=1080%2C720&amp;ssl=1\" data-orig-size=\"1080,720\" data-comments-opened=\"0\" data-image-meta=\"{&quot;aperture&quot;:&quot;4&quot;,&quot;credit&quot;:&quot;&quot;,&quot;camera&quot;:&quot;ILCE-7M3&quot;,&quot;caption&quot;:&quot;&quot;,&quot;created_timestamp&quot;:&quot;1644499615&quot;,&quot;copyright&quot;:&quot;&quot;,&quot;focal_length&quot;:&quot;38&quot;,&quot;iso&quot;:&quot;1000&quot;,&quot;shutter_speed&quot;:&quot;0.008&quot;,&quot;title&quot;:&quot;&quot;,&quot;orientation&quot;:&quot;0&quot;}\" data-image-title=\"DSC05314\" data-image-description=\"\" data-image-caption=\"\" data-large-file=\"https:\/\/i0.wp.com\/alternativa.lv\/wp-content\/uploads\/2023\/02\/DSC05314.jpg?fit=800%2C534&amp;ssl=1\" data-id=\"8798\" src=\"https:\/\/i0.wp.com\/alternativa.lv\/wp-content\/uploads\/2023\/02\/DSC05314.jpg?resize=800%2C534&#038;ssl=1\" alt=\"\" class=\"wp-image-8798\" srcset=\"https:\/\/i0.wp.com\/alternativa.lv\/wp-content\/uploads\/2023\/02\/DSC05314.jpg?resize=1024%2C683&amp;ssl=1 1024w, https:\/\/i0.wp.com\/alternativa.lv\/wp-content\/uploads\/2023\/02\/DSC05314.jpg?resize=300%2C200&amp;ssl=1 300w, https:\/\/i0.wp.com\/alternativa.lv\/wp-content\/uploads\/2023\/02\/DSC05314.jpg?resize=768%2C512&amp;ssl=1 768w, https:\/\/i0.wp.com\/alternativa.lv\/wp-content\/uploads\/2023\/02\/DSC05314.jpg?w=1080&amp;ssl=1 1080w\" sizes=\"auto, (max-width: 800px) 100vw, 800px\" \/><\/figure>\n\n\n\n<figure class=\"wp-block-image size-large\"><img data-recalc-dims=\"1\" loading=\"lazy\" decoding=\"async\" width=\"800\" height=\"534\" data-attachment-id=\"8799\" data-permalink=\"https:\/\/alternativa.lv\/en\/ar-katru-reizi-musu-komanda-telo-arvien-labak-un-labak\/dsc05324\/\" data-orig-file=\"https:\/\/i0.wp.com\/alternativa.lv\/wp-content\/uploads\/2023\/02\/DSC05324.jpg?fit=1080%2C720&amp;ssl=1\" data-orig-size=\"1080,720\" data-comments-opened=\"0\" data-image-meta=\"{&quot;aperture&quot;:&quot;3.5&quot;,&quot;credit&quot;:&quot;&quot;,&quot;camera&quot;:&quot;ILCE-7M3&quot;,&quot;caption&quot;:&quot;&quot;,&quot;created_timestamp&quot;:&quot;1644499659&quot;,&quot;copyright&quot;:&quot;&quot;,&quot;focal_length&quot;:&quot;28&quot;,&quot;iso&quot;:&quot;1000&quot;,&quot;shutter_speed&quot;:&quot;0.008&quot;,&quot;title&quot;:&quot;&quot;,&quot;orientation&quot;:&quot;0&quot;}\" data-image-title=\"DSC05324\" data-image-description=\"\" data-image-caption=\"\" data-large-file=\"https:\/\/i0.wp.com\/alternativa.lv\/wp-content\/uploads\/2023\/02\/DSC05324.jpg?fit=800%2C534&amp;ssl=1\" data-id=\"8799\" src=\"https:\/\/i0.wp.com\/alternativa.lv\/wp-content\/uploads\/2023\/02\/DSC05324.jpg?resize=800%2C534&#038;ssl=1\" alt=\"\" class=\"wp-image-8799\" srcset=\"https:\/\/i0.wp.com\/alternativa.lv\/wp-content\/uploads\/2023\/02\/DSC05324.jpg?resize=1024%2C683&amp;ssl=1 1024w, https:\/\/i0.wp.com\/alternativa.lv\/wp-content\/uploads\/2023\/02\/DSC05324.jpg?resize=300%2C200&amp;ssl=1 300w, https:\/\/i0.wp.com\/alternativa.lv\/wp-content\/uploads\/2023\/02\/DSC05324.jpg?resize=768%2C512&amp;ssl=1 768w, https:\/\/i0.wp.com\/alternativa.lv\/wp-content\/uploads\/2023\/02\/DSC05324.jpg?w=1080&amp;ssl=1 1080w\" sizes=\"auto, (max-width: 800px) 100vw, 800px\" \/><\/figure>\n\n\n\n<figure class=\"wp-block-image size-large\"><img data-recalc-dims=\"1\" loading=\"lazy\" decoding=\"async\" width=\"683\" height=\"1024\" data-attachment-id=\"8800\" data-permalink=\"https:\/\/alternativa.lv\/en\/ar-katru-reizi-musu-komanda-telo-arvien-labak-un-labak\/dsc05350\/\" data-orig-file=\"https:\/\/i0.wp.com\/alternativa.lv\/wp-content\/uploads\/2023\/02\/DSC05350.jpg?fit=1080%2C1620&amp;ssl=1\" data-orig-size=\"1080,1620\" data-comments-opened=\"0\" data-image-meta=\"{&quot;aperture&quot;:&quot;5.6&quot;,&quot;credit&quot;:&quot;&quot;,&quot;camera&quot;:&quot;ILCE-7M3&quot;,&quot;caption&quot;:&quot;&quot;,&quot;created_timestamp&quot;:&quot;1644499821&quot;,&quot;copyright&quot;:&quot;&quot;,&quot;focal_length&quot;:&quot;66&quot;,&quot;iso&quot;:&quot;1000&quot;,&quot;shutter_speed&quot;:&quot;0.008&quot;,&quot;title&quot;:&quot;&quot;,&quot;orientation&quot;:&quot;0&quot;}\" data-image-title=\"DSC05350\" data-image-description=\"\" data-image-caption=\"\" data-large-file=\"https:\/\/i0.wp.com\/alternativa.lv\/wp-content\/uploads\/2023\/02\/DSC05350.jpg?fit=683%2C1024&amp;ssl=1\" data-id=\"8800\" src=\"https:\/\/i0.wp.com\/alternativa.lv\/wp-content\/uploads\/2023\/02\/DSC05350.jpg?resize=683%2C1024&#038;ssl=1\" alt=\"\" class=\"wp-image-8800\" srcset=\"https:\/\/i0.wp.com\/alternativa.lv\/wp-content\/uploads\/2023\/02\/DSC05350.jpg?resize=683%2C1024&amp;ssl=1 683w, https:\/\/i0.wp.com\/alternativa.lv\/wp-content\/uploads\/2023\/02\/DSC05350.jpg?resize=200%2C300&amp;ssl=1 200w, https:\/\/i0.wp.com\/alternativa.lv\/wp-content\/uploads\/2023\/02\/DSC05350.jpg?resize=768%2C1152&amp;ssl=1 768w, https:\/\/i0.wp.com\/alternativa.lv\/wp-content\/uploads\/2023\/02\/DSC05350.jpg?resize=1024%2C1536&amp;ssl=1 1024w, https:\/\/i0.wp.com\/alternativa.lv\/wp-content\/uploads\/2023\/02\/DSC05350.jpg?w=1080&amp;ssl=1 1080w\" sizes=\"auto, (max-width: 683px) 100vw, 683px\" \/><\/figure>\n\n\n\n<figure class=\"wp-block-image size-large\"><img data-recalc-dims=\"1\" loading=\"lazy\" decoding=\"async\" width=\"800\" height=\"534\" data-attachment-id=\"8801\" data-permalink=\"https:\/\/alternativa.lv\/en\/ar-katru-reizi-musu-komanda-telo-arvien-labak-un-labak\/dsc05358\/\" data-orig-file=\"https:\/\/i0.wp.com\/alternativa.lv\/wp-content\/uploads\/2023\/02\/DSC05358.jpg?fit=1080%2C720&amp;ssl=1\" data-orig-size=\"1080,720\" data-comments-opened=\"0\" data-image-meta=\"{&quot;aperture&quot;:&quot;4.5&quot;,&quot;credit&quot;:&quot;&quot;,&quot;camera&quot;:&quot;ILCE-7M3&quot;,&quot;caption&quot;:&quot;&quot;,&quot;created_timestamp&quot;:&quot;1644499870&quot;,&quot;copyright&quot;:&quot;&quot;,&quot;focal_length&quot;:&quot;48&quot;,&quot;iso&quot;:&quot;1000&quot;,&quot;shutter_speed&quot;:&quot;0.008&quot;,&quot;title&quot;:&quot;&quot;,&quot;orientation&quot;:&quot;0&quot;}\" data-image-title=\"DSC05358\" data-image-description=\"\" data-image-caption=\"\" data-large-file=\"https:\/\/i0.wp.com\/alternativa.lv\/wp-content\/uploads\/2023\/02\/DSC05358.jpg?fit=800%2C534&amp;ssl=1\" data-id=\"8801\" src=\"https:\/\/i0.wp.com\/alternativa.lv\/wp-content\/uploads\/2023\/02\/DSC05358.jpg?resize=800%2C534&#038;ssl=1\" alt=\"\" class=\"wp-image-8801\" srcset=\"https:\/\/i0.wp.com\/alternativa.lv\/wp-content\/uploads\/2023\/02\/DSC05358.jpg?resize=1024%2C683&amp;ssl=1 1024w, https:\/\/i0.wp.com\/alternativa.lv\/wp-content\/uploads\/2023\/02\/DSC05358.jpg?resize=300%2C200&amp;ssl=1 300w, https:\/\/i0.wp.com\/alternativa.lv\/wp-content\/uploads\/2023\/02\/DSC05358.jpg?resize=768%2C512&amp;ssl=1 768w, https:\/\/i0.wp.com\/alternativa.lv\/wp-content\/uploads\/2023\/02\/DSC05358.jpg?w=1080&amp;ssl=1 1080w\" sizes=\"auto, (max-width: 800px) 100vw, 800px\" \/><\/figure>\n\n\n\n<figure class=\"wp-block-image size-large\"><img data-recalc-dims=\"1\" loading=\"lazy\" decoding=\"async\" width=\"800\" height=\"534\" data-attachment-id=\"8802\" data-permalink=\"https:\/\/alternativa.lv\/en\/ar-katru-reizi-musu-komanda-telo-arvien-labak-un-labak\/dsc05336\/\" data-orig-file=\"https:\/\/i0.wp.com\/alternativa.lv\/wp-content\/uploads\/2023\/02\/DSC05336.jpg?fit=1080%2C720&amp;ssl=1\" data-orig-size=\"1080,720\" data-comments-opened=\"0\" data-image-meta=\"{&quot;aperture&quot;:&quot;3.5&quot;,&quot;credit&quot;:&quot;&quot;,&quot;camera&quot;:&quot;ILCE-7M3&quot;,&quot;caption&quot;:&quot;&quot;,&quot;created_timestamp&quot;:&quot;1644499797&quot;,&quot;copyright&quot;:&quot;&quot;,&quot;focal_length&quot;:&quot;28&quot;,&quot;iso&quot;:&quot;1000&quot;,&quot;shutter_speed&quot;:&quot;0.008&quot;,&quot;title&quot;:&quot;&quot;,&quot;orientation&quot;:&quot;0&quot;}\" data-image-title=\"DSC05336\" data-image-description=\"\" data-image-caption=\"\" data-large-file=\"https:\/\/i0.wp.com\/alternativa.lv\/wp-content\/uploads\/2023\/02\/DSC05336.jpg?fit=800%2C534&amp;ssl=1\" data-id=\"8802\" src=\"https:\/\/i0.wp.com\/alternativa.lv\/wp-content\/uploads\/2023\/02\/DSC05336.jpg?resize=800%2C534&#038;ssl=1\" alt=\"\" class=\"wp-image-8802\" srcset=\"https:\/\/i0.wp.com\/alternativa.lv\/wp-content\/uploads\/2023\/02\/DSC05336.jpg?resize=1024%2C683&amp;ssl=1 1024w, https:\/\/i0.wp.com\/alternativa.lv\/wp-content\/uploads\/2023\/02\/DSC05336.jpg?resize=300%2C200&amp;ssl=1 300w, https:\/\/i0.wp.com\/alternativa.lv\/wp-content\/uploads\/2023\/02\/DSC05336.jpg?resize=768%2C512&amp;ssl=1 768w, https:\/\/i0.wp.com\/alternativa.lv\/wp-content\/uploads\/2023\/02\/DSC05336.jpg?w=1080&amp;ssl=1 1080w\" sizes=\"auto, (max-width: 800px) 100vw, 800px\" \/><\/figure>\n\n\n\n<figure class=\"wp-block-image size-large\"><img data-recalc-dims=\"1\" loading=\"lazy\" decoding=\"async\" width=\"800\" height=\"534\" data-attachment-id=\"8803\" data-permalink=\"https:\/\/alternativa.lv\/en\/ar-katru-reizi-musu-komanda-telo-arvien-labak-un-labak\/dsc05330\/\" data-orig-file=\"https:\/\/i0.wp.com\/alternativa.lv\/wp-content\/uploads\/2023\/02\/DSC05330.jpg?fit=1080%2C720&amp;ssl=1\" data-orig-size=\"1080,720\" data-comments-opened=\"0\" data-image-meta=\"{&quot;aperture&quot;:&quot;3.5&quot;,&quot;credit&quot;:&quot;&quot;,&quot;camera&quot;:&quot;ILCE-7M3&quot;,&quot;caption&quot;:&quot;&quot;,&quot;created_timestamp&quot;:&quot;1644499681&quot;,&quot;copyright&quot;:&quot;&quot;,&quot;focal_length&quot;:&quot;29&quot;,&quot;iso&quot;:&quot;1000&quot;,&quot;shutter_speed&quot;:&quot;0.008&quot;,&quot;title&quot;:&quot;&quot;,&quot;orientation&quot;:&quot;0&quot;}\" data-image-title=\"DSC05330\" data-image-description=\"\" data-image-caption=\"\" data-large-file=\"https:\/\/i0.wp.com\/alternativa.lv\/wp-content\/uploads\/2023\/02\/DSC05330.jpg?fit=800%2C534&amp;ssl=1\" data-id=\"8803\" src=\"https:\/\/i0.wp.com\/alternativa.lv\/wp-content\/uploads\/2023\/02\/DSC05330.jpg?resize=800%2C534&#038;ssl=1\" alt=\"\" class=\"wp-image-8803\" srcset=\"https:\/\/i0.wp.com\/alternativa.lv\/wp-content\/uploads\/2023\/02\/DSC05330.jpg?resize=1024%2C683&amp;ssl=1 1024w, https:\/\/i0.wp.com\/alternativa.lv\/wp-content\/uploads\/2023\/02\/DSC05330.jpg?resize=300%2C200&amp;ssl=1 300w, https:\/\/i0.wp.com\/alternativa.lv\/wp-content\/uploads\/2023\/02\/DSC05330.jpg?resize=768%2C512&amp;ssl=1 768w, https:\/\/i0.wp.com\/alternativa.lv\/wp-content\/uploads\/2023\/02\/DSC05330.jpg?w=1080&amp;ssl=1 1080w\" sizes=\"auto, (max-width: 800px) 100vw, 800px\" \/><\/figure>\n\n\n\n<figure class=\"wp-block-image size-large\"><img data-recalc-dims=\"1\" loading=\"lazy\" decoding=\"async\" width=\"800\" height=\"534\" data-attachment-id=\"8804\" data-permalink=\"https:\/\/alternativa.lv\/en\/ar-katru-reizi-musu-komanda-telo-arvien-labak-un-labak\/dsc05375\/\" data-orig-file=\"https:\/\/i0.wp.com\/alternativa.lv\/wp-content\/uploads\/2023\/02\/DSC05375.jpg?fit=1080%2C720&amp;ssl=1\" data-orig-size=\"1080,720\" data-comments-opened=\"0\" data-image-meta=\"{&quot;aperture&quot;:&quot;4.5&quot;,&quot;credit&quot;:&quot;&quot;,&quot;camera&quot;:&quot;ILCE-7M3&quot;,&quot;caption&quot;:&quot;&quot;,&quot;created_timestamp&quot;:&quot;1644500083&quot;,&quot;copyright&quot;:&quot;&quot;,&quot;focal_length&quot;:&quot;39&quot;,&quot;iso&quot;:&quot;1000&quot;,&quot;shutter_speed&quot;:&quot;0.008&quot;,&quot;title&quot;:&quot;&quot;,&quot;orientation&quot;:&quot;0&quot;}\" data-image-title=\"DSC05375\" data-image-description=\"\" data-image-caption=\"\" data-large-file=\"https:\/\/i0.wp.com\/alternativa.lv\/wp-content\/uploads\/2023\/02\/DSC05375.jpg?fit=800%2C534&amp;ssl=1\" data-id=\"8804\" src=\"https:\/\/i0.wp.com\/alternativa.lv\/wp-content\/uploads\/2023\/02\/DSC05375.jpg?resize=800%2C534&#038;ssl=1\" alt=\"\" class=\"wp-image-8804\" srcset=\"https:\/\/i0.wp.com\/alternativa.lv\/wp-content\/uploads\/2023\/02\/DSC05375.jpg?resize=1024%2C683&amp;ssl=1 1024w, https:\/\/i0.wp.com\/alternativa.lv\/wp-content\/uploads\/2023\/02\/DSC05375.jpg?resize=300%2C200&amp;ssl=1 300w, https:\/\/i0.wp.com\/alternativa.lv\/wp-content\/uploads\/2023\/02\/DSC05375.jpg?resize=768%2C512&amp;ssl=1 768w, https:\/\/i0.wp.com\/alternativa.lv\/wp-content\/uploads\/2023\/02\/DSC05375.jpg?w=1080&amp;ssl=1 1080w\" sizes=\"auto, (max-width: 800px) 100vw, 800px\" \/><\/figure>\n\n\n\n<figure class=\"wp-block-image size-large\"><img data-recalc-dims=\"1\" loading=\"lazy\" decoding=\"async\" width=\"800\" height=\"534\" data-attachment-id=\"8805\" data-permalink=\"https:\/\/alternativa.lv\/en\/ar-katru-reizi-musu-komanda-telo-arvien-labak-un-labak\/dsc05393\/\" data-orig-file=\"https:\/\/i0.wp.com\/alternativa.lv\/wp-content\/uploads\/2023\/02\/DSC05393.jpg?fit=1080%2C720&amp;ssl=1\" data-orig-size=\"1080,720\" data-comments-opened=\"0\" data-image-meta=\"{&quot;aperture&quot;:&quot;4.5&quot;,&quot;credit&quot;:&quot;&quot;,&quot;camera&quot;:&quot;ILCE-7M3&quot;,&quot;caption&quot;:&quot;&quot;,&quot;created_timestamp&quot;:&quot;1644500101&quot;,&quot;copyright&quot;:&quot;&quot;,&quot;focal_length&quot;:&quot;44&quot;,&quot;iso&quot;:&quot;1000&quot;,&quot;shutter_speed&quot;:&quot;0.008&quot;,&quot;title&quot;:&quot;&quot;,&quot;orientation&quot;:&quot;0&quot;}\" data-image-title=\"DSC05393\" data-image-description=\"\" data-image-caption=\"\" data-large-file=\"https:\/\/i0.wp.com\/alternativa.lv\/wp-content\/uploads\/2023\/02\/DSC05393.jpg?fit=800%2C534&amp;ssl=1\" data-id=\"8805\" src=\"https:\/\/i0.wp.com\/alternativa.lv\/wp-content\/uploads\/2023\/02\/DSC05393.jpg?resize=800%2C534&#038;ssl=1\" alt=\"\" class=\"wp-image-8805\" srcset=\"https:\/\/i0.wp.com\/alternativa.lv\/wp-content\/uploads\/2023\/02\/DSC05393.jpg?resize=1024%2C683&amp;ssl=1 1024w, https:\/\/i0.wp.com\/alternativa.lv\/wp-content\/uploads\/2023\/02\/DSC05393.jpg?resize=300%2C200&amp;ssl=1 300w, https:\/\/i0.wp.com\/alternativa.lv\/wp-content\/uploads\/2023\/02\/DSC05393.jpg?resize=768%2C512&amp;ssl=1 768w, https:\/\/i0.wp.com\/alternativa.lv\/wp-content\/uploads\/2023\/02\/DSC05393.jpg?w=1080&amp;ssl=1 1080w\" sizes=\"auto, (max-width: 800px) 100vw, 800px\" \/><\/figure>\n\n\n\n<figure class=\"wp-block-image size-large\"><img data-recalc-dims=\"1\" loading=\"lazy\" decoding=\"async\" width=\"800\" height=\"534\" data-attachment-id=\"8806\" data-permalink=\"https:\/\/alternativa.lv\/en\/ar-katru-reizi-musu-komanda-telo-arvien-labak-un-labak\/dsc05413\/\" data-orig-file=\"https:\/\/i0.wp.com\/alternativa.lv\/wp-content\/uploads\/2023\/02\/DSC05413.jpg?fit=1080%2C720&amp;ssl=1\" data-orig-size=\"1080,720\" data-comments-opened=\"0\" data-image-meta=\"{&quot;aperture&quot;:&quot;3.5&quot;,&quot;credit&quot;:&quot;&quot;,&quot;camera&quot;:&quot;ILCE-7M3&quot;,&quot;caption&quot;:&quot;&quot;,&quot;created_timestamp&quot;:&quot;1644500190&quot;,&quot;copyright&quot;:&quot;&quot;,&quot;focal_length&quot;:&quot;28&quot;,&quot;iso&quot;:&quot;1000&quot;,&quot;shutter_speed&quot;:&quot;0.008&quot;,&quot;title&quot;:&quot;&quot;,&quot;orientation&quot;:&quot;0&quot;}\" data-image-title=\"DSC05413\" data-image-description=\"\" data-image-caption=\"\" data-large-file=\"https:\/\/i0.wp.com\/alternativa.lv\/wp-content\/uploads\/2023\/02\/DSC05413.jpg?fit=800%2C534&amp;ssl=1\" data-id=\"8806\" src=\"https:\/\/i0.wp.com\/alternativa.lv\/wp-content\/uploads\/2023\/02\/DSC05413.jpg?resize=800%2C534&#038;ssl=1\" alt=\"\" class=\"wp-image-8806\" srcset=\"https:\/\/i0.wp.com\/alternativa.lv\/wp-content\/uploads\/2023\/02\/DSC05413.jpg?resize=1024%2C683&amp;ssl=1 1024w, https:\/\/i0.wp.com\/alternativa.lv\/wp-content\/uploads\/2023\/02\/DSC05413.jpg?resize=300%2C200&amp;ssl=1 300w, https:\/\/i0.wp.com\/alternativa.lv\/wp-content\/uploads\/2023\/02\/DSC05413.jpg?resize=768%2C512&amp;ssl=1 768w, https:\/\/i0.wp.com\/alternativa.lv\/wp-content\/uploads\/2023\/02\/DSC05413.jpg?w=1080&amp;ssl=1 1080w\" sizes=\"auto, (max-width: 800px) 100vw, 800px\" \/><\/figure>\n\n\n\n<figure class=\"wp-block-image size-large\"><img data-recalc-dims=\"1\" loading=\"lazy\" decoding=\"async\" width=\"800\" height=\"534\" data-attachment-id=\"8807\" data-permalink=\"https:\/\/alternativa.lv\/en\/ar-katru-reizi-musu-komanda-telo-arvien-labak-un-labak\/dsc05425\/\" data-orig-file=\"https:\/\/i0.wp.com\/alternativa.lv\/wp-content\/uploads\/2023\/02\/DSC05425.jpg?fit=1080%2C720&amp;ssl=1\" data-orig-size=\"1080,720\" data-comments-opened=\"0\" data-image-meta=\"{&quot;aperture&quot;:&quot;4.5&quot;,&quot;credit&quot;:&quot;&quot;,&quot;camera&quot;:&quot;ILCE-7M3&quot;,&quot;caption&quot;:&quot;&quot;,&quot;created_timestamp&quot;:&quot;1644507681&quot;,&quot;copyright&quot;:&quot;&quot;,&quot;focal_length&quot;:&quot;48&quot;,&quot;iso&quot;:&quot;1000&quot;,&quot;shutter_speed&quot;:&quot;0.008&quot;,&quot;title&quot;:&quot;&quot;,&quot;orientation&quot;:&quot;0&quot;}\" data-image-title=\"DSC05425\" data-image-description=\"\" data-image-caption=\"\" data-large-file=\"https:\/\/i0.wp.com\/alternativa.lv\/wp-content\/uploads\/2023\/02\/DSC05425.jpg?fit=800%2C534&amp;ssl=1\" data-id=\"8807\" src=\"https:\/\/i0.wp.com\/alternativa.lv\/wp-content\/uploads\/2023\/02\/DSC05425.jpg?resize=800%2C534&#038;ssl=1\" alt=\"\" class=\"wp-image-8807\" srcset=\"https:\/\/i0.wp.com\/alternativa.lv\/wp-content\/uploads\/2023\/02\/DSC05425.jpg?resize=1024%2C683&amp;ssl=1 1024w, https:\/\/i0.wp.com\/alternativa.lv\/wp-content\/uploads\/2023\/02\/DSC05425.jpg?resize=300%2C200&amp;ssl=1 300w, https:\/\/i0.wp.com\/alternativa.lv\/wp-content\/uploads\/2023\/02\/DSC05425.jpg?resize=768%2C512&amp;ssl=1 768w, https:\/\/i0.wp.com\/alternativa.lv\/wp-content\/uploads\/2023\/02\/DSC05425.jpg?w=1080&amp;ssl=1 1080w\" sizes=\"auto, (max-width: 800px) 100vw, 800px\" \/><\/figure>\n\n\n\n<figure class=\"wp-block-image size-large\"><img data-recalc-dims=\"1\" loading=\"lazy\" decoding=\"async\" width=\"800\" height=\"534\" data-attachment-id=\"8808\" data-permalink=\"https:\/\/alternativa.lv\/en\/ar-katru-reizi-musu-komanda-telo-arvien-labak-un-labak\/dsc05443\/\" data-orig-file=\"https:\/\/i0.wp.com\/alternativa.lv\/wp-content\/uploads\/2023\/02\/DSC05443.jpg?fit=1080%2C720&amp;ssl=1\" data-orig-size=\"1080,720\" data-comments-opened=\"0\" data-image-meta=\"{&quot;aperture&quot;:&quot;4&quot;,&quot;credit&quot;:&quot;&quot;,&quot;camera&quot;:&quot;ILCE-7M3&quot;,&quot;caption&quot;:&quot;&quot;,&quot;created_timestamp&quot;:&quot;1644507745&quot;,&quot;copyright&quot;:&quot;&quot;,&quot;focal_length&quot;:&quot;36&quot;,&quot;iso&quot;:&quot;1000&quot;,&quot;shutter_speed&quot;:&quot;0.008&quot;,&quot;title&quot;:&quot;&quot;,&quot;orientation&quot;:&quot;0&quot;}\" data-image-title=\"DSC05443\" data-image-description=\"\" data-image-caption=\"\" data-large-file=\"https:\/\/i0.wp.com\/alternativa.lv\/wp-content\/uploads\/2023\/02\/DSC05443.jpg?fit=800%2C534&amp;ssl=1\" data-id=\"8808\" src=\"https:\/\/i0.wp.com\/alternativa.lv\/wp-content\/uploads\/2023\/02\/DSC05443.jpg?resize=800%2C534&#038;ssl=1\" alt=\"\" class=\"wp-image-8808\" srcset=\"https:\/\/i0.wp.com\/alternativa.lv\/wp-content\/uploads\/2023\/02\/DSC05443.jpg?resize=1024%2C683&amp;ssl=1 1024w, https:\/\/i0.wp.com\/alternativa.lv\/wp-content\/uploads\/2023\/02\/DSC05443.jpg?resize=300%2C200&amp;ssl=1 300w, https:\/\/i0.wp.com\/alternativa.lv\/wp-content\/uploads\/2023\/02\/DSC05443.jpg?resize=768%2C512&amp;ssl=1 768w, https:\/\/i0.wp.com\/alternativa.lv\/wp-content\/uploads\/2023\/02\/DSC05443.jpg?w=1080&amp;ssl=1 1080w\" sizes=\"auto, (max-width: 800px) 100vw, 800px\" \/><\/figure>\n\n\n\n<figure class=\"wp-block-image size-large\"><img data-recalc-dims=\"1\" loading=\"lazy\" decoding=\"async\" width=\"800\" height=\"534\" data-attachment-id=\"8809\" data-permalink=\"https:\/\/alternativa.lv\/en\/ar-katru-reizi-musu-komanda-telo-arvien-labak-un-labak\/dsc05504\/\" data-orig-file=\"https:\/\/i0.wp.com\/alternativa.lv\/wp-content\/uploads\/2023\/02\/DSC05504.jpg?fit=1080%2C720&amp;ssl=1\" data-orig-size=\"1080,720\" data-comments-opened=\"0\" data-image-meta=\"{&quot;aperture&quot;:&quot;3.5&quot;,&quot;credit&quot;:&quot;&quot;,&quot;camera&quot;:&quot;ILCE-7M3&quot;,&quot;caption&quot;:&quot;&quot;,&quot;created_timestamp&quot;:&quot;1644508047&quot;,&quot;copyright&quot;:&quot;&quot;,&quot;focal_length&quot;:&quot;28&quot;,&quot;iso&quot;:&quot;1000&quot;,&quot;shutter_speed&quot;:&quot;0.00625&quot;,&quot;title&quot;:&quot;&quot;,&quot;orientation&quot;:&quot;0&quot;}\" data-image-title=\"DSC05504\" data-image-description=\"\" data-image-caption=\"\" data-large-file=\"https:\/\/i0.wp.com\/alternativa.lv\/wp-content\/uploads\/2023\/02\/DSC05504.jpg?fit=800%2C534&amp;ssl=1\" data-id=\"8809\" src=\"https:\/\/i0.wp.com\/alternativa.lv\/wp-content\/uploads\/2023\/02\/DSC05504.jpg?resize=800%2C534&#038;ssl=1\" alt=\"\" class=\"wp-image-8809\" srcset=\"https:\/\/i0.wp.com\/alternativa.lv\/wp-content\/uploads\/2023\/02\/DSC05504.jpg?resize=1024%2C683&amp;ssl=1 1024w, https:\/\/i0.wp.com\/alternativa.lv\/wp-content\/uploads\/2023\/02\/DSC05504.jpg?resize=300%2C200&amp;ssl=1 300w, https:\/\/i0.wp.com\/alternativa.lv\/wp-content\/uploads\/2023\/02\/DSC05504.jpg?resize=768%2C512&amp;ssl=1 768w, https:\/\/i0.wp.com\/alternativa.lv\/wp-content\/uploads\/2023\/02\/DSC05504.jpg?w=1080&amp;ssl=1 1080w\" sizes=\"auto, (max-width: 800px) 100vw, 800px\" \/><\/figure>\n\n\n\n<figure class=\"wp-block-image size-large\"><img data-recalc-dims=\"1\" loading=\"lazy\" decoding=\"async\" width=\"800\" height=\"534\" data-attachment-id=\"8810\" data-permalink=\"https:\/\/alternativa.lv\/en\/ar-katru-reizi-musu-komanda-telo-arvien-labak-un-labak\/dsc05483\/\" data-orig-file=\"https:\/\/i0.wp.com\/alternativa.lv\/wp-content\/uploads\/2023\/02\/DSC05483.jpg?fit=1080%2C720&amp;ssl=1\" data-orig-size=\"1080,720\" data-comments-opened=\"0\" data-image-meta=\"{&quot;aperture&quot;:&quot;3.5&quot;,&quot;credit&quot;:&quot;&quot;,&quot;camera&quot;:&quot;ILCE-7M3&quot;,&quot;caption&quot;:&quot;&quot;,&quot;created_timestamp&quot;:&quot;1644507891&quot;,&quot;copyright&quot;:&quot;&quot;,&quot;focal_length&quot;:&quot;28&quot;,&quot;iso&quot;:&quot;1000&quot;,&quot;shutter_speed&quot;:&quot;0.00625&quot;,&quot;title&quot;:&quot;&quot;,&quot;orientation&quot;:&quot;0&quot;}\" data-image-title=\"DSC05483\" data-image-description=\"\" data-image-caption=\"\" data-large-file=\"https:\/\/i0.wp.com\/alternativa.lv\/wp-content\/uploads\/2023\/02\/DSC05483.jpg?fit=800%2C534&amp;ssl=1\" data-id=\"8810\" src=\"https:\/\/i0.wp.com\/alternativa.lv\/wp-content\/uploads\/2023\/02\/DSC05483.jpg?resize=800%2C534&#038;ssl=1\" alt=\"\" class=\"wp-image-8810\" srcset=\"https:\/\/i0.wp.com\/alternativa.lv\/wp-content\/uploads\/2023\/02\/DSC05483.jpg?resize=1024%2C683&amp;ssl=1 1024w, https:\/\/i0.wp.com\/alternativa.lv\/wp-content\/uploads\/2023\/02\/DSC05483.jpg?resize=300%2C200&amp;ssl=1 300w, https:\/\/i0.wp.com\/alternativa.lv\/wp-content\/uploads\/2023\/02\/DSC05483.jpg?resize=768%2C512&amp;ssl=1 768w, https:\/\/i0.wp.com\/alternativa.lv\/wp-content\/uploads\/2023\/02\/DSC05483.jpg?w=1080&amp;ssl=1 1080w\" sizes=\"auto, (max-width: 800px) 100vw, 800px\" \/><\/figure>\n\n\n\n<figure class=\"wp-block-image size-large\"><img data-recalc-dims=\"1\" loading=\"lazy\" decoding=\"async\" width=\"683\" height=\"1024\" data-attachment-id=\"8811\" data-permalink=\"https:\/\/alternativa.lv\/en\/ar-katru-reizi-musu-komanda-telo-arvien-labak-un-labak\/dsc05476\/\" data-orig-file=\"https:\/\/i0.wp.com\/alternativa.lv\/wp-content\/uploads\/2023\/02\/DSC05476.jpg?fit=1080%2C1620&amp;ssl=1\" data-orig-size=\"1080,1620\" data-comments-opened=\"0\" data-image-meta=\"{&quot;aperture&quot;:&quot;5.6&quot;,&quot;credit&quot;:&quot;&quot;,&quot;camera&quot;:&quot;ILCE-7M3&quot;,&quot;caption&quot;:&quot;&quot;,&quot;created_timestamp&quot;:&quot;1644507817&quot;,&quot;copyright&quot;:&quot;&quot;,&quot;focal_length&quot;:&quot;63&quot;,&quot;iso&quot;:&quot;1000&quot;,&quot;shutter_speed&quot;:&quot;0.008&quot;,&quot;title&quot;:&quot;&quot;,&quot;orientation&quot;:&quot;0&quot;}\" data-image-title=\"DSC05476\" data-image-description=\"\" data-image-caption=\"\" data-large-file=\"https:\/\/i0.wp.com\/alternativa.lv\/wp-content\/uploads\/2023\/02\/DSC05476.jpg?fit=683%2C1024&amp;ssl=1\" data-id=\"8811\" src=\"https:\/\/i0.wp.com\/alternativa.lv\/wp-content\/uploads\/2023\/02\/DSC05476.jpg?resize=683%2C1024&#038;ssl=1\" alt=\"\" class=\"wp-image-8811\" srcset=\"https:\/\/i0.wp.com\/alternativa.lv\/wp-content\/uploads\/2023\/02\/DSC05476.jpg?resize=683%2C1024&amp;ssl=1 683w, https:\/\/i0.wp.com\/alternativa.lv\/wp-content\/uploads\/2023\/02\/DSC05476.jpg?resize=200%2C300&amp;ssl=1 200w, https:\/\/i0.wp.com\/alternativa.lv\/wp-content\/uploads\/2023\/02\/DSC05476.jpg?resize=768%2C1152&amp;ssl=1 768w, https:\/\/i0.wp.com\/alternativa.lv\/wp-content\/uploads\/2023\/02\/DSC05476.jpg?resize=1024%2C1536&amp;ssl=1 1024w, https:\/\/i0.wp.com\/alternativa.lv\/wp-content\/uploads\/2023\/02\/DSC05476.jpg?w=1080&amp;ssl=1 1080w\" sizes=\"auto, (max-width: 683px) 100vw, 683px\" \/><\/figure>\n\n\n\n<figure class=\"wp-block-image size-large\"><img data-recalc-dims=\"1\" loading=\"lazy\" decoding=\"async\" width=\"683\" height=\"1024\" data-attachment-id=\"8812\" data-permalink=\"https:\/\/alternativa.lv\/en\/ar-katru-reizi-musu-komanda-telo-arvien-labak-un-labak\/dsc05471\/\" data-orig-file=\"https:\/\/i0.wp.com\/alternativa.lv\/wp-content\/uploads\/2023\/02\/DSC05471.jpg?fit=1080%2C1620&amp;ssl=1\" data-orig-size=\"1080,1620\" data-comments-opened=\"0\" data-image-meta=\"{&quot;aperture&quot;:&quot;4.5&quot;,&quot;credit&quot;:&quot;&quot;,&quot;camera&quot;:&quot;ILCE-7M3&quot;,&quot;caption&quot;:&quot;&quot;,&quot;created_timestamp&quot;:&quot;1644507807&quot;,&quot;copyright&quot;:&quot;&quot;,&quot;focal_length&quot;:&quot;42&quot;,&quot;iso&quot;:&quot;1000&quot;,&quot;shutter_speed&quot;:&quot;0.008&quot;,&quot;title&quot;:&quot;&quot;,&quot;orientation&quot;:&quot;0&quot;}\" data-image-title=\"DSC05471\" data-image-description=\"\" data-image-caption=\"\" data-large-file=\"https:\/\/i0.wp.com\/alternativa.lv\/wp-content\/uploads\/2023\/02\/DSC05471.jpg?fit=683%2C1024&amp;ssl=1\" data-id=\"8812\" src=\"https:\/\/i0.wp.com\/alternativa.lv\/wp-content\/uploads\/2023\/02\/DSC05471.jpg?resize=683%2C1024&#038;ssl=1\" alt=\"\" class=\"wp-image-8812\" srcset=\"https:\/\/i0.wp.com\/alternativa.lv\/wp-content\/uploads\/2023\/02\/DSC05471.jpg?resize=683%2C1024&amp;ssl=1 683w, https:\/\/i0.wp.com\/alternativa.lv\/wp-content\/uploads\/2023\/02\/DSC05471.jpg?resize=200%2C300&amp;ssl=1 200w, https:\/\/i0.wp.com\/alternativa.lv\/wp-content\/uploads\/2023\/02\/DSC05471.jpg?resize=768%2C1152&amp;ssl=1 768w, https:\/\/i0.wp.com\/alternativa.lv\/wp-content\/uploads\/2023\/02\/DSC05471.jpg?resize=1024%2C1536&amp;ssl=1 1024w, https:\/\/i0.wp.com\/alternativa.lv\/wp-content\/uploads\/2023\/02\/DSC05471.jpg?w=1080&amp;ssl=1 1080w\" sizes=\"auto, (max-width: 683px) 100vw, 683px\" \/><\/figure>\n\n\n\n<figure class=\"wp-block-image size-large\"><img data-recalc-dims=\"1\" loading=\"lazy\" decoding=\"async\" width=\"800\" height=\"534\" data-attachment-id=\"8813\" data-permalink=\"https:\/\/alternativa.lv\/en\/ar-katru-reizi-musu-komanda-telo-arvien-labak-un-labak\/dsc05550\/\" data-orig-file=\"https:\/\/i0.wp.com\/alternativa.lv\/wp-content\/uploads\/2023\/02\/DSC05550.jpg?fit=1080%2C720&amp;ssl=1\" data-orig-size=\"1080,720\" data-comments-opened=\"0\" data-image-meta=\"{&quot;aperture&quot;:&quot;4&quot;,&quot;credit&quot;:&quot;&quot;,&quot;camera&quot;:&quot;ILCE-7M3&quot;,&quot;caption&quot;:&quot;&quot;,&quot;created_timestamp&quot;:&quot;1644508141&quot;,&quot;copyright&quot;:&quot;&quot;,&quot;focal_length&quot;:&quot;38&quot;,&quot;iso&quot;:&quot;1000&quot;,&quot;shutter_speed&quot;:&quot;0.00625&quot;,&quot;title&quot;:&quot;&quot;,&quot;orientation&quot;:&quot;0&quot;}\" data-image-title=\"DSC05550\" data-image-description=\"\" data-image-caption=\"\" data-large-file=\"https:\/\/i0.wp.com\/alternativa.lv\/wp-content\/uploads\/2023\/02\/DSC05550.jpg?fit=800%2C534&amp;ssl=1\" data-id=\"8813\" src=\"https:\/\/i0.wp.com\/alternativa.lv\/wp-content\/uploads\/2023\/02\/DSC05550.jpg?resize=800%2C534&#038;ssl=1\" alt=\"\" class=\"wp-image-8813\" srcset=\"https:\/\/i0.wp.com\/alternativa.lv\/wp-content\/uploads\/2023\/02\/DSC05550.jpg?resize=1024%2C683&amp;ssl=1 1024w, https:\/\/i0.wp.com\/alternativa.lv\/wp-content\/uploads\/2023\/02\/DSC05550.jpg?resize=300%2C200&amp;ssl=1 300w, https:\/\/i0.wp.com\/alternativa.lv\/wp-content\/uploads\/2023\/02\/DSC05550.jpg?resize=768%2C512&amp;ssl=1 768w, https:\/\/i0.wp.com\/alternativa.lv\/wp-content\/uploads\/2023\/02\/DSC05550.jpg?w=1080&amp;ssl=1 1080w\" sizes=\"auto, (max-width: 800px) 100vw, 800px\" \/><\/figure>\n\n\n\n<figure class=\"wp-block-image size-large\"><img data-recalc-dims=\"1\" loading=\"lazy\" decoding=\"async\" width=\"683\" height=\"1024\" data-attachment-id=\"8814\" data-permalink=\"https:\/\/alternativa.lv\/en\/ar-katru-reizi-musu-komanda-telo-arvien-labak-un-labak\/dsc05746\/\" data-orig-file=\"https:\/\/i0.wp.com\/alternativa.lv\/wp-content\/uploads\/2023\/02\/DSC05746.jpg?fit=1080%2C1620&amp;ssl=1\" data-orig-size=\"1080,1620\" data-comments-opened=\"0\" data-image-meta=\"{&quot;aperture&quot;:&quot;4.5&quot;,&quot;credit&quot;:&quot;&quot;,&quot;camera&quot;:&quot;ILCE-7M3&quot;,&quot;caption&quot;:&quot;&quot;,&quot;created_timestamp&quot;:&quot;1644509130&quot;,&quot;copyright&quot;:&quot;&quot;,&quot;focal_length&quot;:&quot;44&quot;,&quot;iso&quot;:&quot;1000&quot;,&quot;shutter_speed&quot;:&quot;0.00625&quot;,&quot;title&quot;:&quot;&quot;,&quot;orientation&quot;:&quot;0&quot;}\" data-image-title=\"DSC05746\" data-image-description=\"\" data-image-caption=\"\" data-large-file=\"https:\/\/i0.wp.com\/alternativa.lv\/wp-content\/uploads\/2023\/02\/DSC05746.jpg?fit=683%2C1024&amp;ssl=1\" data-id=\"8814\" src=\"https:\/\/i0.wp.com\/alternativa.lv\/wp-content\/uploads\/2023\/02\/DSC05746.jpg?resize=683%2C1024&#038;ssl=1\" alt=\"\" class=\"wp-image-8814\" srcset=\"https:\/\/i0.wp.com\/alternativa.lv\/wp-content\/uploads\/2023\/02\/DSC05746.jpg?resize=683%2C1024&amp;ssl=1 683w, https:\/\/i0.wp.com\/alternativa.lv\/wp-content\/uploads\/2023\/02\/DSC05746.jpg?resize=200%2C300&amp;ssl=1 200w, https:\/\/i0.wp.com\/alternativa.lv\/wp-content\/uploads\/2023\/02\/DSC05746.jpg?resize=768%2C1152&amp;ssl=1 768w, https:\/\/i0.wp.com\/alternativa.lv\/wp-content\/uploads\/2023\/02\/DSC05746.jpg?resize=1024%2C1536&amp;ssl=1 1024w, https:\/\/i0.wp.com\/alternativa.lv\/wp-content\/uploads\/2023\/02\/DSC05746.jpg?w=1080&amp;ssl=1 1080w\" sizes=\"auto, (max-width: 683px) 100vw, 683px\" \/><\/figure>\n\n\n\n<figure class=\"wp-block-image size-large\"><img data-recalc-dims=\"1\" loading=\"lazy\" decoding=\"async\" width=\"800\" height=\"534\" data-attachment-id=\"8815\" data-permalink=\"https:\/\/alternativa.lv\/en\/ar-katru-reizi-musu-komanda-telo-arvien-labak-un-labak\/dsc05624\/\" data-orig-file=\"https:\/\/i0.wp.com\/alternativa.lv\/wp-content\/uploads\/2023\/02\/DSC05624.jpg?fit=1080%2C720&amp;ssl=1\" data-orig-size=\"1080,720\" data-comments-opened=\"0\" data-image-meta=\"{&quot;aperture&quot;:&quot;3.5&quot;,&quot;credit&quot;:&quot;&quot;,&quot;camera&quot;:&quot;ILCE-7M3&quot;,&quot;caption&quot;:&quot;&quot;,&quot;created_timestamp&quot;:&quot;1644508289&quot;,&quot;copyright&quot;:&quot;&quot;,&quot;focal_length&quot;:&quot;28&quot;,&quot;iso&quot;:&quot;1000&quot;,&quot;shutter_speed&quot;:&quot;0.00625&quot;,&quot;title&quot;:&quot;&quot;,&quot;orientation&quot;:&quot;0&quot;}\" data-image-title=\"DSC05624\" data-image-description=\"\" data-image-caption=\"\" data-large-file=\"https:\/\/i0.wp.com\/alternativa.lv\/wp-content\/uploads\/2023\/02\/DSC05624.jpg?fit=800%2C534&amp;ssl=1\" data-id=\"8815\" src=\"https:\/\/i0.wp.com\/alternativa.lv\/wp-content\/uploads\/2023\/02\/DSC05624.jpg?resize=800%2C534&#038;ssl=1\" alt=\"\" class=\"wp-image-8815\" srcset=\"https:\/\/i0.wp.com\/alternativa.lv\/wp-content\/uploads\/2023\/02\/DSC05624.jpg?resize=1024%2C683&amp;ssl=1 1024w, https:\/\/i0.wp.com\/alternativa.lv\/wp-content\/uploads\/2023\/02\/DSC05624.jpg?resize=300%2C200&amp;ssl=1 300w, https:\/\/i0.wp.com\/alternativa.lv\/wp-content\/uploads\/2023\/02\/DSC05624.jpg?resize=768%2C512&amp;ssl=1 768w, https:\/\/i0.wp.com\/alternativa.lv\/wp-content\/uploads\/2023\/02\/DSC05624.jpg?w=1080&amp;ssl=1 1080w\" sizes=\"auto, (max-width: 800px) 100vw, 800px\" \/><\/figure>\n\n\n\n<figure class=\"wp-block-image size-large\"><img data-recalc-dims=\"1\" loading=\"lazy\" decoding=\"async\" width=\"800\" height=\"534\" data-attachment-id=\"8816\" data-permalink=\"https:\/\/alternativa.lv\/en\/ar-katru-reizi-musu-komanda-telo-arvien-labak-un-labak\/dsc05773\/\" data-orig-file=\"https:\/\/i0.wp.com\/alternativa.lv\/wp-content\/uploads\/2023\/02\/DSC05773.jpg?fit=1080%2C720&amp;ssl=1\" data-orig-size=\"1080,720\" data-comments-opened=\"0\" data-image-meta=\"{&quot;aperture&quot;:&quot;4.5&quot;,&quot;credit&quot;:&quot;&quot;,&quot;camera&quot;:&quot;ILCE-7M3&quot;,&quot;caption&quot;:&quot;&quot;,&quot;created_timestamp&quot;:&quot;1644509189&quot;,&quot;copyright&quot;:&quot;&quot;,&quot;focal_length&quot;:&quot;46&quot;,&quot;iso&quot;:&quot;1000&quot;,&quot;shutter_speed&quot;:&quot;0.00625&quot;,&quot;title&quot;:&quot;&quot;,&quot;orientation&quot;:&quot;0&quot;}\" data-image-title=\"DSC05773\" data-image-description=\"\" data-image-caption=\"\" data-large-file=\"https:\/\/i0.wp.com\/alternativa.lv\/wp-content\/uploads\/2023\/02\/DSC05773.jpg?fit=800%2C534&amp;ssl=1\" data-id=\"8816\" src=\"https:\/\/i0.wp.com\/alternativa.lv\/wp-content\/uploads\/2023\/02\/DSC05773.jpg?resize=800%2C534&#038;ssl=1\" alt=\"\" class=\"wp-image-8816\" srcset=\"https:\/\/i0.wp.com\/alternativa.lv\/wp-content\/uploads\/2023\/02\/DSC05773.jpg?resize=1024%2C683&amp;ssl=1 1024w, https:\/\/i0.wp.com\/alternativa.lv\/wp-content\/uploads\/2023\/02\/DSC05773.jpg?resize=300%2C200&amp;ssl=1 300w, https:\/\/i0.wp.com\/alternativa.lv\/wp-content\/uploads\/2023\/02\/DSC05773.jpg?resize=768%2C512&amp;ssl=1 768w, https:\/\/i0.wp.com\/alternativa.lv\/wp-content\/uploads\/2023\/02\/DSC05773.jpg?w=1080&amp;ssl=1 1080w\" sizes=\"auto, (max-width: 800px) 100vw, 800px\" \/><\/figure>\n\n\n\n<figure class=\"wp-block-image size-large\"><img data-recalc-dims=\"1\" loading=\"lazy\" decoding=\"async\" width=\"800\" height=\"534\" data-attachment-id=\"8817\" data-permalink=\"https:\/\/alternativa.lv\/en\/ar-katru-reizi-musu-komanda-telo-arvien-labak-un-labak\/dsc05769\/\" data-orig-file=\"https:\/\/i0.wp.com\/alternativa.lv\/wp-content\/uploads\/2023\/02\/DSC05769.jpg?fit=1080%2C720&amp;ssl=1\" data-orig-size=\"1080,720\" data-comments-opened=\"0\" data-image-meta=\"{&quot;aperture&quot;:&quot;4.5&quot;,&quot;credit&quot;:&quot;&quot;,&quot;camera&quot;:&quot;ILCE-7M3&quot;,&quot;caption&quot;:&quot;&quot;,&quot;created_timestamp&quot;:&quot;1644509177&quot;,&quot;copyright&quot;:&quot;&quot;,&quot;focal_length&quot;:&quot;48&quot;,&quot;iso&quot;:&quot;1000&quot;,&quot;shutter_speed&quot;:&quot;0.00625&quot;,&quot;title&quot;:&quot;&quot;,&quot;orientation&quot;:&quot;0&quot;}\" data-image-title=\"DSC05769\" data-image-description=\"\" data-image-caption=\"\" data-large-file=\"https:\/\/i0.wp.com\/alternativa.lv\/wp-content\/uploads\/2023\/02\/DSC05769.jpg?fit=800%2C534&amp;ssl=1\" data-id=\"8817\" src=\"https:\/\/i0.wp.com\/alternativa.lv\/wp-content\/uploads\/2023\/02\/DSC05769.jpg?resize=800%2C534&#038;ssl=1\" alt=\"\" class=\"wp-image-8817\" srcset=\"https:\/\/i0.wp.com\/alternativa.lv\/wp-content\/uploads\/2023\/02\/DSC05769.jpg?resize=1024%2C683&amp;ssl=1 1024w, https:\/\/i0.wp.com\/alternativa.lv\/wp-content\/uploads\/2023\/02\/DSC05769.jpg?resize=300%2C200&amp;ssl=1 300w, https:\/\/i0.wp.com\/alternativa.lv\/wp-content\/uploads\/2023\/02\/DSC05769.jpg?resize=768%2C512&amp;ssl=1 768w, https:\/\/i0.wp.com\/alternativa.lv\/wp-content\/uploads\/2023\/02\/DSC05769.jpg?w=1080&amp;ssl=1 1080w\" sizes=\"auto, (max-width: 800px) 100vw, 800px\" \/><\/figure>\n\n\n\n<figure class=\"wp-block-image size-large\"><img data-recalc-dims=\"1\" loading=\"lazy\" decoding=\"async\" width=\"800\" height=\"534\" data-attachment-id=\"8818\" data-permalink=\"https:\/\/alternativa.lv\/en\/ar-katru-reizi-musu-komanda-telo-arvien-labak-un-labak\/dsc05752\/\" data-orig-file=\"https:\/\/i0.wp.com\/alternativa.lv\/wp-content\/uploads\/2023\/02\/DSC05752.jpg?fit=1080%2C720&amp;ssl=1\" data-orig-size=\"1080,720\" data-comments-opened=\"0\" data-image-meta=\"{&quot;aperture&quot;:&quot;4.5&quot;,&quot;credit&quot;:&quot;&quot;,&quot;camera&quot;:&quot;ILCE-7M3&quot;,&quot;caption&quot;:&quot;&quot;,&quot;created_timestamp&quot;:&quot;1644509150&quot;,&quot;copyright&quot;:&quot;&quot;,&quot;focal_length&quot;:&quot;45&quot;,&quot;iso&quot;:&quot;1000&quot;,&quot;shutter_speed&quot;:&quot;0.00625&quot;,&quot;title&quot;:&quot;&quot;,&quot;orientation&quot;:&quot;0&quot;}\" data-image-title=\"DSC05752\" data-image-description=\"\" data-image-caption=\"\" data-large-file=\"https:\/\/i0.wp.com\/alternativa.lv\/wp-content\/uploads\/2023\/02\/DSC05752.jpg?fit=800%2C534&amp;ssl=1\" data-id=\"8818\" src=\"https:\/\/i0.wp.com\/alternativa.lv\/wp-content\/uploads\/2023\/02\/DSC05752.jpg?resize=800%2C534&#038;ssl=1\" alt=\"\" class=\"wp-image-8818\" srcset=\"https:\/\/i0.wp.com\/alternativa.lv\/wp-content\/uploads\/2023\/02\/DSC05752.jpg?resize=1024%2C683&amp;ssl=1 1024w, https:\/\/i0.wp.com\/alternativa.lv\/wp-content\/uploads\/2023\/02\/DSC05752.jpg?resize=300%2C200&amp;ssl=1 300w, https:\/\/i0.wp.com\/alternativa.lv\/wp-content\/uploads\/2023\/02\/DSC05752.jpg?resize=768%2C512&amp;ssl=1 768w, https:\/\/i0.wp.com\/alternativa.lv\/wp-content\/uploads\/2023\/02\/DSC05752.jpg?w=1080&amp;ssl=1 1080w\" sizes=\"auto, (max-width: 800px) 100vw, 800px\" \/><\/figure>\n\n\n\n<figure class=\"wp-block-image size-large\"><img data-recalc-dims=\"1\" loading=\"lazy\" decoding=\"async\" width=\"800\" height=\"534\" data-attachment-id=\"8819\" data-permalink=\"https:\/\/alternativa.lv\/en\/ar-katru-reizi-musu-komanda-telo-arvien-labak-un-labak\/dsc05815\/\" data-orig-file=\"https:\/\/i0.wp.com\/alternativa.lv\/wp-content\/uploads\/2023\/02\/DSC05815.jpg?fit=1080%2C720&amp;ssl=1\" data-orig-size=\"1080,720\" data-comments-opened=\"0\" data-image-meta=\"{&quot;aperture&quot;:&quot;3.5&quot;,&quot;credit&quot;:&quot;&quot;,&quot;camera&quot;:&quot;ILCE-7M3&quot;,&quot;caption&quot;:&quot;&quot;,&quot;created_timestamp&quot;:&quot;1644510836&quot;,&quot;copyright&quot;:&quot;&quot;,&quot;focal_length&quot;:&quot;28&quot;,&quot;iso&quot;:&quot;1000&quot;,&quot;shutter_speed&quot;:&quot;0.00625&quot;,&quot;title&quot;:&quot;&quot;,&quot;orientation&quot;:&quot;0&quot;}\" data-image-title=\"DSC05815\" data-image-description=\"\" data-image-caption=\"\" data-large-file=\"https:\/\/i0.wp.com\/alternativa.lv\/wp-content\/uploads\/2023\/02\/DSC05815.jpg?fit=800%2C534&amp;ssl=1\" data-id=\"8819\" src=\"https:\/\/i0.wp.com\/alternativa.lv\/wp-content\/uploads\/2023\/02\/DSC05815.jpg?resize=800%2C534&#038;ssl=1\" alt=\"\" class=\"wp-image-8819\" srcset=\"https:\/\/i0.wp.com\/alternativa.lv\/wp-content\/uploads\/2023\/02\/DSC05815.jpg?resize=1024%2C683&amp;ssl=1 1024w, https:\/\/i0.wp.com\/alternativa.lv\/wp-content\/uploads\/2023\/02\/DSC05815.jpg?resize=300%2C200&amp;ssl=1 300w, https:\/\/i0.wp.com\/alternativa.lv\/wp-content\/uploads\/2023\/02\/DSC05815.jpg?resize=768%2C512&amp;ssl=1 768w, https:\/\/i0.wp.com\/alternativa.lv\/wp-content\/uploads\/2023\/02\/DSC05815.jpg?w=1080&amp;ssl=1 1080w\" sizes=\"auto, (max-width: 800px) 100vw, 800px\" \/><\/figure>\n\n\n\n<figure class=\"wp-block-image size-large\"><img data-recalc-dims=\"1\" loading=\"lazy\" decoding=\"async\" width=\"683\" height=\"1024\" data-attachment-id=\"8820\" data-permalink=\"https:\/\/alternativa.lv\/en\/ar-katru-reizi-musu-komanda-telo-arvien-labak-un-labak\/dsc05843-2\/\" data-orig-file=\"https:\/\/i0.wp.com\/alternativa.lv\/wp-content\/uploads\/2023\/02\/DSC05843-1.jpg?fit=1080%2C1620&amp;ssl=1\" data-orig-size=\"1080,1620\" data-comments-opened=\"0\" data-image-meta=\"{&quot;aperture&quot;:&quot;4.5&quot;,&quot;credit&quot;:&quot;&quot;,&quot;camera&quot;:&quot;ILCE-7M3&quot;,&quot;caption&quot;:&quot;&quot;,&quot;created_timestamp&quot;:&quot;1644510897&quot;,&quot;copyright&quot;:&quot;&quot;,&quot;focal_length&quot;:&quot;43&quot;,&quot;iso&quot;:&quot;1000&quot;,&quot;shutter_speed&quot;:&quot;0.00625&quot;,&quot;title&quot;:&quot;&quot;,&quot;orientation&quot;:&quot;0&quot;}\" data-image-title=\"DSC05843\" data-image-description=\"\" data-image-caption=\"\" data-large-file=\"https:\/\/i0.wp.com\/alternativa.lv\/wp-content\/uploads\/2023\/02\/DSC05843-1.jpg?fit=683%2C1024&amp;ssl=1\" data-id=\"8820\" src=\"https:\/\/i0.wp.com\/alternativa.lv\/wp-content\/uploads\/2023\/02\/DSC05843-1.jpg?resize=683%2C1024&#038;ssl=1\" alt=\"\" class=\"wp-image-8820\" srcset=\"https:\/\/i0.wp.com\/alternativa.lv\/wp-content\/uploads\/2023\/02\/DSC05843-1.jpg?resize=683%2C1024&amp;ssl=1 683w, https:\/\/i0.wp.com\/alternativa.lv\/wp-content\/uploads\/2023\/02\/DSC05843-1.jpg?resize=200%2C300&amp;ssl=1 200w, https:\/\/i0.wp.com\/alternativa.lv\/wp-content\/uploads\/2023\/02\/DSC05843-1.jpg?resize=768%2C1152&amp;ssl=1 768w, https:\/\/i0.wp.com\/alternativa.lv\/wp-content\/uploads\/2023\/02\/DSC05843-1.jpg?resize=1024%2C1536&amp;ssl=1 1024w, https:\/\/i0.wp.com\/alternativa.lv\/wp-content\/uploads\/2023\/02\/DSC05843-1.jpg?w=1080&amp;ssl=1 1080w\" sizes=\"auto, (max-width: 683px) 100vw, 683px\" \/><\/figure>\n\n\n\n<figure class=\"wp-block-image size-large\"><img data-recalc-dims=\"1\" loading=\"lazy\" decoding=\"async\" width=\"800\" height=\"534\" data-attachment-id=\"8821\" data-permalink=\"https:\/\/alternativa.lv\/en\/ar-katru-reizi-musu-komanda-telo-arvien-labak-un-labak\/dsc05854-2\/\" data-orig-file=\"https:\/\/i0.wp.com\/alternativa.lv\/wp-content\/uploads\/2023\/02\/DSC05854-1.jpg?fit=1080%2C720&amp;ssl=1\" data-orig-size=\"1080,720\" data-comments-opened=\"0\" data-image-meta=\"{&quot;aperture&quot;:&quot;3.5&quot;,&quot;credit&quot;:&quot;&quot;,&quot;camera&quot;:&quot;ILCE-7M3&quot;,&quot;caption&quot;:&quot;&quot;,&quot;created_timestamp&quot;:&quot;1644510925&quot;,&quot;copyright&quot;:&quot;&quot;,&quot;focal_length&quot;:&quot;28&quot;,&quot;iso&quot;:&quot;1000&quot;,&quot;shutter_speed&quot;:&quot;0.00625&quot;,&quot;title&quot;:&quot;&quot;,&quot;orientation&quot;:&quot;0&quot;}\" data-image-title=\"DSC05854\" data-image-description=\"\" data-image-caption=\"\" data-large-file=\"https:\/\/i0.wp.com\/alternativa.lv\/wp-content\/uploads\/2023\/02\/DSC05854-1.jpg?fit=800%2C534&amp;ssl=1\" data-id=\"8821\" src=\"https:\/\/i0.wp.com\/alternativa.lv\/wp-content\/uploads\/2023\/02\/DSC05854-1.jpg?resize=800%2C534&#038;ssl=1\" alt=\"\" class=\"wp-image-8821\" srcset=\"https:\/\/i0.wp.com\/alternativa.lv\/wp-content\/uploads\/2023\/02\/DSC05854-1.jpg?resize=1024%2C683&amp;ssl=1 1024w, https:\/\/i0.wp.com\/alternativa.lv\/wp-content\/uploads\/2023\/02\/DSC05854-1.jpg?resize=300%2C200&amp;ssl=1 300w, https:\/\/i0.wp.com\/alternativa.lv\/wp-content\/uploads\/2023\/02\/DSC05854-1.jpg?resize=768%2C512&amp;ssl=1 768w, https:\/\/i0.wp.com\/alternativa.lv\/wp-content\/uploads\/2023\/02\/DSC05854-1.jpg?w=1080&amp;ssl=1 1080w\" sizes=\"auto, (max-width: 800px) 100vw, 800px\" \/><\/figure>\n\n\n\n<figure class=\"wp-block-image size-large\"><img data-recalc-dims=\"1\" loading=\"lazy\" decoding=\"async\" width=\"800\" height=\"534\" data-attachment-id=\"8822\" data-permalink=\"https:\/\/alternativa.lv\/en\/ar-katru-reizi-musu-komanda-telo-arvien-labak-un-labak\/dsc05878-2\/\" data-orig-file=\"https:\/\/i0.wp.com\/alternativa.lv\/wp-content\/uploads\/2023\/02\/DSC05878-1.jpg?fit=1080%2C720&amp;ssl=1\" data-orig-size=\"1080,720\" data-comments-opened=\"0\" data-image-meta=\"{&quot;aperture&quot;:&quot;3.5&quot;,&quot;credit&quot;:&quot;&quot;,&quot;camera&quot;:&quot;ILCE-7M3&quot;,&quot;caption&quot;:&quot;&quot;,&quot;created_timestamp&quot;:&quot;1644512275&quot;,&quot;copyright&quot;:&quot;&quot;,&quot;focal_length&quot;:&quot;28&quot;,&quot;iso&quot;:&quot;1000&quot;,&quot;shutter_speed&quot;:&quot;0.01&quot;,&quot;title&quot;:&quot;&quot;,&quot;orientation&quot;:&quot;0&quot;}\" data-image-title=\"DSC05878\" data-image-description=\"\" data-image-caption=\"\" data-large-file=\"https:\/\/i0.wp.com\/alternativa.lv\/wp-content\/uploads\/2023\/02\/DSC05878-1.jpg?fit=800%2C534&amp;ssl=1\" data-id=\"8822\" src=\"https:\/\/i0.wp.com\/alternativa.lv\/wp-content\/uploads\/2023\/02\/DSC05878-1.jpg?resize=800%2C534&#038;ssl=1\" alt=\"\" class=\"wp-image-8822\" srcset=\"https:\/\/i0.wp.com\/alternativa.lv\/wp-content\/uploads\/2023\/02\/DSC05878-1.jpg?resize=1024%2C683&amp;ssl=1 1024w, https:\/\/i0.wp.com\/alternativa.lv\/wp-content\/uploads\/2023\/02\/DSC05878-1.jpg?resize=300%2C200&amp;ssl=1 300w, https:\/\/i0.wp.com\/alternativa.lv\/wp-content\/uploads\/2023\/02\/DSC05878-1.jpg?resize=768%2C512&amp;ssl=1 768w, https:\/\/i0.wp.com\/alternativa.lv\/wp-content\/uploads\/2023\/02\/DSC05878-1.jpg?w=1080&amp;ssl=1 1080w\" sizes=\"auto, (max-width: 800px) 100vw, 800px\" \/><\/figure>\n\n\n\n<figure class=\"wp-block-image size-large\"><img data-recalc-dims=\"1\" loading=\"lazy\" decoding=\"async\" width=\"800\" height=\"534\" data-attachment-id=\"8823\" data-permalink=\"https:\/\/alternativa.lv\/en\/ar-katru-reizi-musu-komanda-telo-arvien-labak-un-labak\/dsc05872\/\" data-orig-file=\"https:\/\/i0.wp.com\/alternativa.lv\/wp-content\/uploads\/2023\/02\/DSC05872.jpg?fit=1080%2C720&amp;ssl=1\" data-orig-size=\"1080,720\" data-comments-opened=\"0\" data-image-meta=\"{&quot;aperture&quot;:&quot;3.5&quot;,&quot;credit&quot;:&quot;&quot;,&quot;camera&quot;:&quot;ILCE-7M3&quot;,&quot;caption&quot;:&quot;&quot;,&quot;created_timestamp&quot;:&quot;1644510966&quot;,&quot;copyright&quot;:&quot;&quot;,&quot;focal_length&quot;:&quot;28&quot;,&quot;iso&quot;:&quot;1000&quot;,&quot;shutter_speed&quot;:&quot;0.00625&quot;,&quot;title&quot;:&quot;&quot;,&quot;orientation&quot;:&quot;0&quot;}\" data-image-title=\"DSC05872\" data-image-description=\"\" data-image-caption=\"\" data-large-file=\"https:\/\/i0.wp.com\/alternativa.lv\/wp-content\/uploads\/2023\/02\/DSC05872.jpg?fit=800%2C534&amp;ssl=1\" data-id=\"8823\" src=\"https:\/\/i0.wp.com\/alternativa.lv\/wp-content\/uploads\/2023\/02\/DSC05872.jpg?resize=800%2C534&#038;ssl=1\" alt=\"\" class=\"wp-image-8823\" srcset=\"https:\/\/i0.wp.com\/alternativa.lv\/wp-content\/uploads\/2023\/02\/DSC05872.jpg?resize=1024%2C683&amp;ssl=1 1024w, https:\/\/i0.wp.com\/alternativa.lv\/wp-content\/uploads\/2023\/02\/DSC05872.jpg?resize=300%2C200&amp;ssl=1 300w, https:\/\/i0.wp.com\/alternativa.lv\/wp-content\/uploads\/2023\/02\/DSC05872.jpg?resize=768%2C512&amp;ssl=1 768w, https:\/\/i0.wp.com\/alternativa.lv\/wp-content\/uploads\/2023\/02\/DSC05872.jpg?w=1080&amp;ssl=1 1080w\" sizes=\"auto, (max-width: 800px) 100vw, 800px\" \/><\/figure>\n\n\n\n<figure class=\"wp-block-image size-large\"><img data-recalc-dims=\"1\" loading=\"lazy\" decoding=\"async\" width=\"800\" height=\"534\" data-attachment-id=\"8824\" data-permalink=\"https:\/\/alternativa.lv\/en\/ar-katru-reizi-musu-komanda-telo-arvien-labak-un-labak\/dsc05890-2\/\" data-orig-file=\"https:\/\/i0.wp.com\/alternativa.lv\/wp-content\/uploads\/2023\/02\/DSC05890-1.jpg?fit=1080%2C720&amp;ssl=1\" data-orig-size=\"1080,720\" data-comments-opened=\"0\" data-image-meta=\"{&quot;aperture&quot;:&quot;3.5&quot;,&quot;credit&quot;:&quot;&quot;,&quot;camera&quot;:&quot;ILCE-7M3&quot;,&quot;caption&quot;:&quot;&quot;,&quot;created_timestamp&quot;:&quot;1644512325&quot;,&quot;copyright&quot;:&quot;&quot;,&quot;focal_length&quot;:&quot;28&quot;,&quot;iso&quot;:&quot;1000&quot;,&quot;shutter_speed&quot;:&quot;0.01&quot;,&quot;title&quot;:&quot;&quot;,&quot;orientation&quot;:&quot;0&quot;}\" data-image-title=\"DSC05890\" data-image-description=\"\" data-image-caption=\"\" data-large-file=\"https:\/\/i0.wp.com\/alternativa.lv\/wp-content\/uploads\/2023\/02\/DSC05890-1.jpg?fit=800%2C534&amp;ssl=1\" data-id=\"8824\" src=\"https:\/\/i0.wp.com\/alternativa.lv\/wp-content\/uploads\/2023\/02\/DSC05890-1.jpg?resize=800%2C534&#038;ssl=1\" alt=\"\" class=\"wp-image-8824\" srcset=\"https:\/\/i0.wp.com\/alternativa.lv\/wp-content\/uploads\/2023\/02\/DSC05890-1.jpg?resize=1024%2C683&amp;ssl=1 1024w, https:\/\/i0.wp.com\/alternativa.lv\/wp-content\/uploads\/2023\/02\/DSC05890-1.jpg?resize=300%2C200&amp;ssl=1 300w, https:\/\/i0.wp.com\/alternativa.lv\/wp-content\/uploads\/2023\/02\/DSC05890-1.jpg?resize=768%2C512&amp;ssl=1 768w, https:\/\/i0.wp.com\/alternativa.lv\/wp-content\/uploads\/2023\/02\/DSC05890-1.jpg?w=1080&amp;ssl=1 1080w\" sizes=\"auto, (max-width: 800px) 100vw, 800px\" \/><\/figure>\n\n\n\n<figure class=\"wp-block-image size-large\"><img data-recalc-dims=\"1\" loading=\"lazy\" decoding=\"async\" width=\"800\" height=\"534\" data-attachment-id=\"8825\" data-permalink=\"https:\/\/alternativa.lv\/en\/ar-katru-reizi-musu-komanda-telo-arvien-labak-un-labak\/dsc05893-2\/\" data-orig-file=\"https:\/\/i0.wp.com\/alternativa.lv\/wp-content\/uploads\/2023\/02\/DSC05893-1.jpg?fit=1080%2C720&amp;ssl=1\" data-orig-size=\"1080,720\" data-comments-opened=\"0\" data-image-meta=\"{&quot;aperture&quot;:&quot;4.5&quot;,&quot;credit&quot;:&quot;&quot;,&quot;camera&quot;:&quot;ILCE-7M3&quot;,&quot;caption&quot;:&quot;&quot;,&quot;created_timestamp&quot;:&quot;1644512349&quot;,&quot;copyright&quot;:&quot;&quot;,&quot;focal_length&quot;:&quot;47&quot;,&quot;iso&quot;:&quot;1000&quot;,&quot;shutter_speed&quot;:&quot;0.01&quot;,&quot;title&quot;:&quot;&quot;,&quot;orientation&quot;:&quot;0&quot;}\" data-image-title=\"DSC05893\" data-image-description=\"\" data-image-caption=\"\" data-large-file=\"https:\/\/i0.wp.com\/alternativa.lv\/wp-content\/uploads\/2023\/02\/DSC05893-1.jpg?fit=800%2C534&amp;ssl=1\" data-id=\"8825\" src=\"https:\/\/i0.wp.com\/alternativa.lv\/wp-content\/uploads\/2023\/02\/DSC05893-1.jpg?resize=800%2C534&#038;ssl=1\" alt=\"\" class=\"wp-image-8825\" srcset=\"https:\/\/i0.wp.com\/alternativa.lv\/wp-content\/uploads\/2023\/02\/DSC05893-1.jpg?resize=1024%2C683&amp;ssl=1 1024w, https:\/\/i0.wp.com\/alternativa.lv\/wp-content\/uploads\/2023\/02\/DSC05893-1.jpg?resize=300%2C200&amp;ssl=1 300w, https:\/\/i0.wp.com\/alternativa.lv\/wp-content\/uploads\/2023\/02\/DSC05893-1.jpg?resize=768%2C512&amp;ssl=1 768w, https:\/\/i0.wp.com\/alternativa.lv\/wp-content\/uploads\/2023\/02\/DSC05893-1.jpg?w=1080&amp;ssl=1 1080w\" sizes=\"auto, (max-width: 800px) 100vw, 800px\" \/><\/figure>\n\n\n\n<figure class=\"wp-block-image size-large\"><img data-recalc-dims=\"1\" loading=\"lazy\" decoding=\"async\" width=\"800\" height=\"534\" data-attachment-id=\"8826\" data-permalink=\"https:\/\/alternativa.lv\/en\/ar-katru-reizi-musu-komanda-telo-arvien-labak-un-labak\/dsc05910-2\/\" data-orig-file=\"https:\/\/i0.wp.com\/alternativa.lv\/wp-content\/uploads\/2023\/02\/DSC05910-1.jpg?fit=1080%2C720&amp;ssl=1\" data-orig-size=\"1080,720\" data-comments-opened=\"0\" data-image-meta=\"{&quot;aperture&quot;:&quot;3.5&quot;,&quot;credit&quot;:&quot;&quot;,&quot;camera&quot;:&quot;ILCE-7M3&quot;,&quot;caption&quot;:&quot;&quot;,&quot;created_timestamp&quot;:&quot;1644512363&quot;,&quot;copyright&quot;:&quot;&quot;,&quot;focal_length&quot;:&quot;28&quot;,&quot;iso&quot;:&quot;1000&quot;,&quot;shutter_speed&quot;:&quot;0.01&quot;,&quot;title&quot;:&quot;&quot;,&quot;orientation&quot;:&quot;0&quot;}\" data-image-title=\"DSC05910\" data-image-description=\"\" data-image-caption=\"\" data-large-file=\"https:\/\/i0.wp.com\/alternativa.lv\/wp-content\/uploads\/2023\/02\/DSC05910-1.jpg?fit=800%2C534&amp;ssl=1\" data-id=\"8826\" src=\"https:\/\/i0.wp.com\/alternativa.lv\/wp-content\/uploads\/2023\/02\/DSC05910-1.jpg?resize=800%2C534&#038;ssl=1\" alt=\"\" class=\"wp-image-8826\" srcset=\"https:\/\/i0.wp.com\/alternativa.lv\/wp-content\/uploads\/2023\/02\/DSC05910-1.jpg?resize=1024%2C683&amp;ssl=1 1024w, https:\/\/i0.wp.com\/alternativa.lv\/wp-content\/uploads\/2023\/02\/DSC05910-1.jpg?resize=300%2C200&amp;ssl=1 300w, https:\/\/i0.wp.com\/alternativa.lv\/wp-content\/uploads\/2023\/02\/DSC05910-1.jpg?resize=768%2C512&amp;ssl=1 768w, https:\/\/i0.wp.com\/alternativa.lv\/wp-content\/uploads\/2023\/02\/DSC05910-1.jpg?w=1080&amp;ssl=1 1080w\" sizes=\"auto, (max-width: 800px) 100vw, 800px\" \/><\/figure>\n\n\n\n<figure class=\"wp-block-image size-large\"><img data-recalc-dims=\"1\" loading=\"lazy\" decoding=\"async\" width=\"800\" height=\"534\" data-attachment-id=\"8827\" data-permalink=\"https:\/\/alternativa.lv\/en\/ar-katru-reizi-musu-komanda-telo-arvien-labak-un-labak\/dsc05954\/\" data-orig-file=\"https:\/\/i0.wp.com\/alternativa.lv\/wp-content\/uploads\/2023\/02\/DSC05954.jpg?fit=1080%2C720&amp;ssl=1\" data-orig-size=\"1080,720\" data-comments-opened=\"0\" data-image-meta=\"{&quot;aperture&quot;:&quot;4.5&quot;,&quot;credit&quot;:&quot;&quot;,&quot;camera&quot;:&quot;ILCE-7M3&quot;,&quot;caption&quot;:&quot;&quot;,&quot;created_timestamp&quot;:&quot;1644513945&quot;,&quot;copyright&quot;:&quot;&quot;,&quot;focal_length&quot;:&quot;46&quot;,&quot;iso&quot;:&quot;1000&quot;,&quot;shutter_speed&quot;:&quot;0.008&quot;,&quot;title&quot;:&quot;&quot;,&quot;orientation&quot;:&quot;0&quot;}\" data-image-title=\"DSC05954\" data-image-description=\"\" data-image-caption=\"\" data-large-file=\"https:\/\/i0.wp.com\/alternativa.lv\/wp-content\/uploads\/2023\/02\/DSC05954.jpg?fit=800%2C534&amp;ssl=1\" data-id=\"8827\" src=\"https:\/\/i0.wp.com\/alternativa.lv\/wp-content\/uploads\/2023\/02\/DSC05954.jpg?resize=800%2C534&#038;ssl=1\" alt=\"\" class=\"wp-image-8827\" srcset=\"https:\/\/i0.wp.com\/alternativa.lv\/wp-content\/uploads\/2023\/02\/DSC05954.jpg?resize=1024%2C683&amp;ssl=1 1024w, https:\/\/i0.wp.com\/alternativa.lv\/wp-content\/uploads\/2023\/02\/DSC05954.jpg?resize=300%2C200&amp;ssl=1 300w, https:\/\/i0.wp.com\/alternativa.lv\/wp-content\/uploads\/2023\/02\/DSC05954.jpg?resize=768%2C512&amp;ssl=1 768w, https:\/\/i0.wp.com\/alternativa.lv\/wp-content\/uploads\/2023\/02\/DSC05954.jpg?w=1080&amp;ssl=1 1080w\" sizes=\"auto, (max-width: 800px) 100vw, 800px\" \/><\/figure>\n\n\n\n<figure class=\"wp-block-image size-large\"><img data-recalc-dims=\"1\" loading=\"lazy\" decoding=\"async\" width=\"800\" height=\"534\" data-attachment-id=\"8828\" data-permalink=\"https:\/\/alternativa.lv\/en\/ar-katru-reizi-musu-komanda-telo-arvien-labak-un-labak\/dsc05940-2\/\" data-orig-file=\"https:\/\/i0.wp.com\/alternativa.lv\/wp-content\/uploads\/2023\/02\/DSC05940-1.jpg?fit=1080%2C720&amp;ssl=1\" data-orig-size=\"1080,720\" data-comments-opened=\"0\" data-image-meta=\"{&quot;aperture&quot;:&quot;3.5&quot;,&quot;credit&quot;:&quot;&quot;,&quot;camera&quot;:&quot;ILCE-7M3&quot;,&quot;caption&quot;:&quot;&quot;,&quot;created_timestamp&quot;:&quot;1644513332&quot;,&quot;copyright&quot;:&quot;&quot;,&quot;focal_length&quot;:&quot;28&quot;,&quot;iso&quot;:&quot;1000&quot;,&quot;shutter_speed&quot;:&quot;0.008&quot;,&quot;title&quot;:&quot;&quot;,&quot;orientation&quot;:&quot;0&quot;}\" data-image-title=\"DSC05940\" data-image-description=\"\" data-image-caption=\"\" data-large-file=\"https:\/\/i0.wp.com\/alternativa.lv\/wp-content\/uploads\/2023\/02\/DSC05940-1.jpg?fit=800%2C534&amp;ssl=1\" data-id=\"8828\" src=\"https:\/\/i0.wp.com\/alternativa.lv\/wp-content\/uploads\/2023\/02\/DSC05940-1.jpg?resize=800%2C534&#038;ssl=1\" alt=\"\" class=\"wp-image-8828\" srcset=\"https:\/\/i0.wp.com\/alternativa.lv\/wp-content\/uploads\/2023\/02\/DSC05940-1.jpg?resize=1024%2C683&amp;ssl=1 1024w, https:\/\/i0.wp.com\/alternativa.lv\/wp-content\/uploads\/2023\/02\/DSC05940-1.jpg?resize=300%2C200&amp;ssl=1 300w, https:\/\/i0.wp.com\/alternativa.lv\/wp-content\/uploads\/2023\/02\/DSC05940-1.jpg?resize=768%2C512&amp;ssl=1 768w, https:\/\/i0.wp.com\/alternativa.lv\/wp-content\/uploads\/2023\/02\/DSC05940-1.jpg?w=1080&amp;ssl=1 1080w\" sizes=\"auto, (max-width: 800px) 100vw, 800px\" \/><\/figure>\n\n\n\n<figure class=\"wp-block-image size-large\"><img data-recalc-dims=\"1\" loading=\"lazy\" decoding=\"async\" width=\"800\" height=\"534\" data-attachment-id=\"8829\" data-permalink=\"https:\/\/alternativa.lv\/en\/ar-katru-reizi-musu-komanda-telo-arvien-labak-un-labak\/dsc05934-2\/\" data-orig-file=\"https:\/\/i0.wp.com\/alternativa.lv\/wp-content\/uploads\/2023\/02\/DSC05934-1.jpg?fit=1080%2C720&amp;ssl=1\" data-orig-size=\"1080,720\" data-comments-opened=\"0\" data-image-meta=\"{&quot;aperture&quot;:&quot;3.5&quot;,&quot;credit&quot;:&quot;&quot;,&quot;camera&quot;:&quot;ILCE-7M3&quot;,&quot;caption&quot;:&quot;&quot;,&quot;created_timestamp&quot;:&quot;1644512443&quot;,&quot;copyright&quot;:&quot;&quot;,&quot;focal_length&quot;:&quot;28&quot;,&quot;iso&quot;:&quot;1000&quot;,&quot;shutter_speed&quot;:&quot;0.008&quot;,&quot;title&quot;:&quot;&quot;,&quot;orientation&quot;:&quot;0&quot;}\" data-image-title=\"DSC05934\" data-image-description=\"\" data-image-caption=\"\" data-large-file=\"https:\/\/i0.wp.com\/alternativa.lv\/wp-content\/uploads\/2023\/02\/DSC05934-1.jpg?fit=800%2C534&amp;ssl=1\" data-id=\"8829\" src=\"https:\/\/i0.wp.com\/alternativa.lv\/wp-content\/uploads\/2023\/02\/DSC05934-1.jpg?resize=800%2C534&#038;ssl=1\" alt=\"\" class=\"wp-image-8829\" srcset=\"https:\/\/i0.wp.com\/alternativa.lv\/wp-content\/uploads\/2023\/02\/DSC05934-1.jpg?resize=1024%2C683&amp;ssl=1 1024w, https:\/\/i0.wp.com\/alternativa.lv\/wp-content\/uploads\/2023\/02\/DSC05934-1.jpg?resize=300%2C200&amp;ssl=1 300w, https:\/\/i0.wp.com\/alternativa.lv\/wp-content\/uploads\/2023\/02\/DSC05934-1.jpg?resize=768%2C512&amp;ssl=1 768w, https:\/\/i0.wp.com\/alternativa.lv\/wp-content\/uploads\/2023\/02\/DSC05934-1.jpg?w=1080&amp;ssl=1 1080w\" sizes=\"auto, (max-width: 800px) 100vw, 800px\" \/><\/figure>\n\n\n\n<figure class=\"wp-block-image size-large\"><img data-recalc-dims=\"1\" loading=\"lazy\" decoding=\"async\" width=\"800\" height=\"534\" data-attachment-id=\"8830\" data-permalink=\"https:\/\/alternativa.lv\/en\/ar-katru-reizi-musu-komanda-telo-arvien-labak-un-labak\/dsc05988\/\" data-orig-file=\"https:\/\/i0.wp.com\/alternativa.lv\/wp-content\/uploads\/2023\/02\/DSC05988.jpg?fit=1080%2C720&amp;ssl=1\" data-orig-size=\"1080,720\" data-comments-opened=\"0\" data-image-meta=\"{&quot;aperture&quot;:&quot;3.5&quot;,&quot;credit&quot;:&quot;&quot;,&quot;camera&quot;:&quot;ILCE-7M3&quot;,&quot;caption&quot;:&quot;&quot;,&quot;created_timestamp&quot;:&quot;1644514033&quot;,&quot;copyright&quot;:&quot;&quot;,&quot;focal_length&quot;:&quot;28&quot;,&quot;iso&quot;:&quot;1000&quot;,&quot;shutter_speed&quot;:&quot;0.008&quot;,&quot;title&quot;:&quot;&quot;,&quot;orientation&quot;:&quot;0&quot;}\" data-image-title=\"DSC05988\" data-image-description=\"\" data-image-caption=\"\" data-large-file=\"https:\/\/i0.wp.com\/alternativa.lv\/wp-content\/uploads\/2023\/02\/DSC05988.jpg?fit=800%2C534&amp;ssl=1\" data-id=\"8830\" src=\"https:\/\/i0.wp.com\/alternativa.lv\/wp-content\/uploads\/2023\/02\/DSC05988.jpg?resize=800%2C534&#038;ssl=1\" alt=\"\" class=\"wp-image-8830\" srcset=\"https:\/\/i0.wp.com\/alternativa.lv\/wp-content\/uploads\/2023\/02\/DSC05988.jpg?resize=1024%2C683&amp;ssl=1 1024w, https:\/\/i0.wp.com\/alternativa.lv\/wp-content\/uploads\/2023\/02\/DSC05988.jpg?resize=300%2C200&amp;ssl=1 300w, https:\/\/i0.wp.com\/alternativa.lv\/wp-content\/uploads\/2023\/02\/DSC05988.jpg?resize=768%2C512&amp;ssl=1 768w, https:\/\/i0.wp.com\/alternativa.lv\/wp-content\/uploads\/2023\/02\/DSC05988.jpg?w=1080&amp;ssl=1 1080w\" sizes=\"auto, (max-width: 800px) 100vw, 800px\" \/><\/figure>\n\n\n\n<figure class=\"wp-block-image size-large\"><img data-recalc-dims=\"1\" loading=\"lazy\" decoding=\"async\" width=\"800\" height=\"534\" data-attachment-id=\"8831\" data-permalink=\"https:\/\/alternativa.lv\/en\/ar-katru-reizi-musu-komanda-telo-arvien-labak-un-labak\/dsc05968-2\/\" data-orig-file=\"https:\/\/i0.wp.com\/alternativa.lv\/wp-content\/uploads\/2023\/02\/DSC05968-1.jpg?fit=1080%2C720&amp;ssl=1\" data-orig-size=\"1080,720\" data-comments-opened=\"0\" data-image-meta=\"{&quot;aperture&quot;:&quot;4&quot;,&quot;credit&quot;:&quot;&quot;,&quot;camera&quot;:&quot;ILCE-7M3&quot;,&quot;caption&quot;:&quot;&quot;,&quot;created_timestamp&quot;:&quot;1644513966&quot;,&quot;copyright&quot;:&quot;&quot;,&quot;focal_length&quot;:&quot;36&quot;,&quot;iso&quot;:&quot;1000&quot;,&quot;shutter_speed&quot;:&quot;0.008&quot;,&quot;title&quot;:&quot;&quot;,&quot;orientation&quot;:&quot;0&quot;}\" data-image-title=\"DSC05968\" data-image-description=\"\" data-image-caption=\"\" data-large-file=\"https:\/\/i0.wp.com\/alternativa.lv\/wp-content\/uploads\/2023\/02\/DSC05968-1.jpg?fit=800%2C534&amp;ssl=1\" data-id=\"8831\" src=\"https:\/\/i0.wp.com\/alternativa.lv\/wp-content\/uploads\/2023\/02\/DSC05968-1.jpg?resize=800%2C534&#038;ssl=1\" alt=\"\" class=\"wp-image-8831\" srcset=\"https:\/\/i0.wp.com\/alternativa.lv\/wp-content\/uploads\/2023\/02\/DSC05968-1.jpg?resize=1024%2C683&amp;ssl=1 1024w, https:\/\/i0.wp.com\/alternativa.lv\/wp-content\/uploads\/2023\/02\/DSC05968-1.jpg?resize=300%2C200&amp;ssl=1 300w, https:\/\/i0.wp.com\/alternativa.lv\/wp-content\/uploads\/2023\/02\/DSC05968-1.jpg?resize=768%2C512&amp;ssl=1 768w, https:\/\/i0.wp.com\/alternativa.lv\/wp-content\/uploads\/2023\/02\/DSC05968-1.jpg?w=1080&amp;ssl=1 1080w\" sizes=\"auto, (max-width: 800px) 100vw, 800px\" \/><\/figure>\n<\/figure>\n","protected":false},"excerpt":{"rendered":"<p>Ar katru reizi m\u016bsu komanda t\u0113lo arvien lab\u0101k un lab\u0101k \ud83d\ude0d\ud83d\ude0d\ud83c\udf4a Viens no \u201eMandar\u012bnu Zemes\u201d m\u0113r\u0137iem ir iem\u0101c\u012bties ko jaunu, izmantojot neform\u0101l\u0101s m\u0101c\u012b\u0161an\u0101s metodes.&nbsp; Pas\u0101kuma laik\u0101 b\u0113rni tiek iepaz\u012bstin\u0101ti ar st\u0101stu par Mazo princi un dodas interakt\u012bv\u0101 ce\u013cojum\u0101, kura laik\u0101 vi\u0146i m\u0101c\u0101s sadarboties cits ar citu un piev\u0113rst uzman\u012bbu t\u0101d\u0101m&gt;&gt;&gt;<\/p>\n","protected":false},"author":133522589,"featured_media":8766,"comment_status":"closed","ping_status":"open","sticky":false,"template":"","format":"standard","meta":{"_eb_attr":"","_jetpack_newsletter_access":"","_jetpack_dont_email_post_to_subs":false,"_jetpack_newsletter_tier_id":0,"_jetpack_memberships_contains_paywalled_content":false,"_jetpack_memberships_contains_paid_content":false,"footnotes":"","jetpack_publicize_message":"","jetpack_publicize_feature_enabled":true,"jetpack_social_post_already_shared":true,"jetpack_social_options":{"image_generator_settings":{"template":"highway","default_image_id":0,"font":"","enabled":false},"version":2},"_wpas_customize_per_network":false,"jetpack_post_was_ever_published":false},"categories":[635157350],"tags":[],"post_folder":[635157374],"class_list":["post-8764","post","type-post","status-publish","format-standard","has-post-thumbnail","hentry","category-altreality"],"translation":{"provider":"WPGlobus","version":"3.0.2","language":"en","enabled_languages":["lv","en","ru"],"languages":{"lv":{"title":true,"content":true,"excerpt":false},"en":{"title":false,"content":false,"excerpt":false},"ru":{"title":false,"content":false,"excerpt":false}}},"jetpack_publicize_connections":[],"jetpack_featured_media_url":"https:\/\/i0.wp.com\/alternativa.lv\/wp-content\/uploads\/2023\/02\/DSC05836.jpg?fit=1080%2C720&ssl=1","jetpack_sharing_enabled":true,"jetpack_shortlink":"https:\/\/wp.me\/p9yPz0-2hm","jetpack_likes_enabled":true,"jetpack-related-posts":[{"id":13670,"url":"https:\/\/alternativa.lv\/en\/gatavojam-prieku-ar-esc-projekta-palidzibu-gatavojam-ziemassvetku-parsteigumus-berniem\/","url_meta":{"origin":8764,"position":0},"title":"GATAVOJAM PRIEKU! &#8211; ar ESC projekta pal\u012bdz\u012bbu gatavojam Ziemassv\u0113tku p\u0101rsteigumus b\u0113rniem!","author":"tesstemona","date":"08\/11\/2025","format":false,"excerpt":"Annas st\u0101sts: Es biju da\u013ca no br\u012bnuma: \"Prepare the Joy\" pieredze, kas main\u012bja mani \u010cau! Esmu Anna, man ir 19 gadi un es tikko pabeidzu vienu no neaizmirstam\u0101kaj\u0101m pieredz\u0113m sav\u0101 dz\u012bv\u0113 \u2013 br\u012bvpr\u0101t\u012bg\u0101 darba projekt\u0101 \u201cPrepare the Joy\u201d. T\u0101 bija ne tikai iesp\u0113ja dar\u012bt kaut ko for\u0161u, bet ar\u012b \u2013\u2026","rel":"","context":"In &quot;AltReality&quot;","block_context":{"text":"AltReality","link":"https:\/\/alternativa.lv\/en\/category\/altreality\/"},"img":{"alt_text":"","src":"https:\/\/i0.wp.com\/alternativa.lv\/wp-content\/uploads\/2025\/09\/PREPARE-THE-JOY-2025-LV-1200-x-675-px-2.png?fit=1200%2C675&ssl=1&resize=350%2C200","width":350,"height":200,"srcset":"https:\/\/i0.wp.com\/alternativa.lv\/wp-content\/uploads\/2025\/09\/PREPARE-THE-JOY-2025-LV-1200-x-675-px-2.png?fit=1200%2C675&ssl=1&resize=350%2C200 1x, https:\/\/i0.wp.com\/alternativa.lv\/wp-content\/uploads\/2025\/09\/PREPARE-THE-JOY-2025-LV-1200-x-675-px-2.png?fit=1200%2C675&ssl=1&resize=525%2C300 1.5x, https:\/\/i0.wp.com\/alternativa.lv\/wp-content\/uploads\/2025\/09\/PREPARE-THE-JOY-2025-LV-1200-x-675-px-2.png?fit=1200%2C675&ssl=1&resize=700%2C400 2x, https:\/\/i0.wp.com\/alternativa.lv\/wp-content\/uploads\/2025\/09\/PREPARE-THE-JOY-2025-LV-1200-x-675-px-2.png?fit=1200%2C675&ssl=1&resize=1050%2C600 3x"},"classes":[]},{"id":8836,"url":"https:\/\/alternativa.lv\/en\/februari-bija-loti-spraiga-diena-jo-sagaidijam-pat-80-bernus-musu-mandarinu-zeme\/","url_meta":{"origin":8764,"position":1},"title":"11\u044efebru\u0101r\u012b bija \u013coti spraiga diena, jo sagaid\u012bj\u0101m pat 80 b\u0113rnus m\u016bsu &#8220;Mandar\u012bnu Zem\u0113&#8221;!","author":"natalijasavina","date":"11\/02\/2023","format":false,"excerpt":"11. febru\u0101r\u012b bija \u013coti spraiga diena, jo sagaid\u012bj\u0101m pat 80 b\u0113rnus no \u201eValmieras SOS B\u0113rnu ciemata\u201d, Zantes \u0123imenes atbalsta centra, R\u012bgas \u0123ime\u0146u atbalsta centra, Kr\u012bzes centra \u201eBurtnieks\u201d un Teritori\u0101l\u0101 centra \u201eAvoti\u201d, k\u0101 ar\u012b b\u0113rnus no ukrainas \u0123imen\u0113m.\u00a0 Kop\u0101 ar b\u0113rniem m\u0113s pavad\u012bj\u0101m aizraujo\u0161u laiku. \u201eMandar\u012bnu Zemes\u201d simbols ir mandar\u012bns, t\u0101p\u0113c\u2026","rel":"","context":"In &quot;AltReality&quot;","block_context":{"text":"AltReality","link":"https:\/\/alternativa.lv\/en\/category\/altreality\/"},"img":{"alt_text":"","src":"https:\/\/i0.wp.com\/alternativa.lv\/wp-content\/uploads\/2023\/02\/DSC06576.jpg?fit=1080%2C720&ssl=1&resize=350%2C200","width":350,"height":200,"srcset":"https:\/\/i0.wp.com\/alternativa.lv\/wp-content\/uploads\/2023\/02\/DSC06576.jpg?fit=1080%2C720&ssl=1&resize=350%2C200 1x, https:\/\/i0.wp.com\/alternativa.lv\/wp-content\/uploads\/2023\/02\/DSC06576.jpg?fit=1080%2C720&ssl=1&resize=525%2C300 1.5x, https:\/\/i0.wp.com\/alternativa.lv\/wp-content\/uploads\/2023\/02\/DSC06576.jpg?fit=1080%2C720&ssl=1&resize=700%2C400 2x, https:\/\/i0.wp.com\/alternativa.lv\/wp-content\/uploads\/2023\/02\/DSC06576.jpg?fit=1080%2C720&ssl=1&resize=1050%2C600 3x"},"classes":[]},{"id":8728,"url":"https:\/\/alternativa.lv\/en\/pec-ilgi-gaiditas-nedelas-nogales-smelusies-spekus-mes-atgriezamies-musu-magiskaja-mandarinu-zeme\/","url_meta":{"origin":8764,"position":2},"title":"P\u0113c ilgi gaid\u012bt\u0101s ned\u0113\u013cas nogales, sm\u0113lu\u0161ies sp\u0113kus, m\u0113s atgrie\u017eamies m\u016bsu ma\u0123iskaj\u0101 Mandar\u012bnu Zem\u0113!","author":"natalijasavina","date":"09\/02\/2023","format":false,"excerpt":"P\u0113c ilgi gaid\u012bt\u0101s ned\u0113\u013cas nogales, sm\u0113lu\u0161ies sp\u0113kus, m\u0113s atgrie\u017eamies m\u016bsu ma\u0123iskaj\u0101 Mandar\u012bnu Zem\u0113! 8. febru\u0101r\u012b pie mums bija ieradu\u0161ies b\u0113rni no Daudzfunkcion\u0101l\u0101 soci\u0101lo pakalpojumu dienas centra b\u0113rniem un pilngad\u012bg\u0101m person\u0101m \u201ePaaudzes\u201d un b\u0113rni no ukrai\u0146u \u0123imen\u0113m.\u00a0 V\u0113l viens no Mandar\u012bnu Zemes ritu\u0101liem ir d\u0101vanu d\u0101vin\u0101\u0161ana. Tas ir ne tikai ritu\u0101ls,\u2026","rel":"","context":"In &quot;AltReality&quot;","block_context":{"text":"AltReality","link":"https:\/\/alternativa.lv\/en\/category\/altreality\/"},"img":{"alt_text":"","src":"https:\/\/i0.wp.com\/alternativa.lv\/wp-content\/uploads\/2023\/02\/DSC04020.jpg?fit=1080%2C720&ssl=1&resize=350%2C200","width":350,"height":200,"srcset":"https:\/\/i0.wp.com\/alternativa.lv\/wp-content\/uploads\/2023\/02\/DSC04020.jpg?fit=1080%2C720&ssl=1&resize=350%2C200 1x, https:\/\/i0.wp.com\/alternativa.lv\/wp-content\/uploads\/2023\/02\/DSC04020.jpg?fit=1080%2C720&ssl=1&resize=525%2C300 1.5x, https:\/\/i0.wp.com\/alternativa.lv\/wp-content\/uploads\/2023\/02\/DSC04020.jpg?fit=1080%2C720&ssl=1&resize=700%2C400 2x, https:\/\/i0.wp.com\/alternativa.lv\/wp-content\/uploads\/2023\/02\/DSC04020.jpg?fit=1080%2C720&ssl=1&resize=1050%2C600 3x"},"classes":[]},{"id":8533,"url":"https:\/\/alternativa.lv\/en\/3-februari-notika-lieliska-pirmizrade-interaktivais-labdaribas-pasakums-mazais-princis-kas-tiek-istenots-projekta-mandarinu-zeme-ietvaros\/","url_meta":{"origin":8764,"position":3},"title":"3. febru\u0101r\u012b notika lieliska pirmizr\u0101de &#8211; interakt\u012bvais labdar\u012bbas pas\u0101kums \u201eMazais princis\u201d, kas tiek \u012bstenots projekta &#8220;Mandar\u012bnu Zeme&#8221; ietvaros","author":"natalijasavina","date":"07\/02\/2023","format":false,"excerpt":"M\u016bsu komandu p\u0101r\u0146\u0113ma emocijas: s\u0101kum\u0101 m\u0113s visi bij\u0101m \u013coti satraukti, jo bija j\u0101\u0146em v\u0113r\u0101 daudzus s\u012bkumus, k\u0101 ar\u012b da\u017eiem no mums t\u0101 bija pirm\u0101 publisk\u0101 uzst\u0101\u0161an\u0101s m\u016b\u017e\u0101 M\u016bsu burvji sagaid\u012bja b\u0113rnus no: Atbalsta centra b\u0113rniem un \u0123imen\u0113m \u201eRoku rok\u0101\u201d, Dienas centra \u201eStropi\u0146\u0161\u201d, Atbalsta centra b\u0113rniem un \u0123imen\u0113m \u201eSirdsgaisma\u201d un VSAC\u2026","rel":"","context":"In &quot;AltReality&quot;","block_context":{"text":"AltReality","link":"https:\/\/alternativa.lv\/en\/category\/altreality\/"},"img":{"alt_text":"","src":"https:\/\/i0.wp.com\/alternativa.lv\/wp-content\/uploads\/2023\/02\/DSC00320-1.jpg?fit=1080%2C720&ssl=1&resize=350%2C200","width":350,"height":200,"srcset":"https:\/\/i0.wp.com\/alternativa.lv\/wp-content\/uploads\/2023\/02\/DSC00320-1.jpg?fit=1080%2C720&ssl=1&resize=350%2C200 1x, https:\/\/i0.wp.com\/alternativa.lv\/wp-content\/uploads\/2023\/02\/DSC00320-1.jpg?fit=1080%2C720&ssl=1&resize=525%2C300 1.5x, https:\/\/i0.wp.com\/alternativa.lv\/wp-content\/uploads\/2023\/02\/DSC00320-1.jpg?fit=1080%2C720&ssl=1&resize=700%2C400 2x, https:\/\/i0.wp.com\/alternativa.lv\/wp-content\/uploads\/2023\/02\/DSC00320-1.jpg?fit=1080%2C720&ssl=1&resize=1050%2C600 3x"},"classes":[]},{"id":14033,"url":"https:\/\/alternativa.lv\/en\/mandarinu-zeme-svin-12-gadu-jubileju\/","url_meta":{"origin":8764,"position":4},"title":"Mandar\u012bnu Zeme svin 12 gadu jubileju","author":"tesstemona","date":"28\/12\/2024","format":false,"excerpt":"Mandar\u012bnu Zeme svin 12 gadu jubileju un nes Ziemassv\u0113tku burv\u012bbu vair\u0101k nek\u0101 400 b\u0113rniem\u00a0 no b\u0113rnu namiem un kr\u012bzes centriem \u0161ogad piedal\u012bsies aizraujo\u0161\u0101 un izgl\u012btojo\u0161\u0101 Jaungada piedz\u012bvojum\u0101 vis\u0101 Latvij\u0101 ! \u0160ogad Mandar\u012bnu Zeme, Latvij\u0101 liel\u0101kais soci\u0101lais Ziemassv\u0113tku egl\u012btes projekts, atz\u012bm\u0113 savu 12 gadu jubileju! \u0160\u012b ir \u012bpa\u0161a sv\u0113tku trad\u012bcija, kas\u2026","rel":"","context":"In &quot;AltReality&quot;","block_context":{"text":"AltReality","link":"https:\/\/alternativa.lv\/en\/category\/altreality\/"},"img":{"alt_text":"","src":"https:\/\/i0.wp.com\/alternativa.lv\/wp-content\/uploads\/2026\/02\/IMG_0454.jpg?resize=350%2C200","width":350,"height":200,"srcset":"https:\/\/i0.wp.com\/alternativa.lv\/wp-content\/uploads\/2026\/02\/IMG_0454.jpg?resize=350%2C200 1x, https:\/\/i0.wp.com\/alternativa.lv\/wp-content\/uploads\/2026\/02\/IMG_0454.jpg?resize=525%2C300 1.5x, https:\/\/i0.wp.com\/alternativa.lv\/wp-content\/uploads\/2026\/02\/IMG_0454.jpg?resize=700%2C400 2x, https:\/\/i0.wp.com\/alternativa.lv\/wp-content\/uploads\/2026\/02\/IMG_0454.jpg?resize=1050%2C600 3x, https:\/\/i0.wp.com\/alternativa.lv\/wp-content\/uploads\/2026\/02\/IMG_0454.jpg?resize=1400%2C800 4x"},"classes":[]},{"id":5750,"url":"https:\/\/alternativa.lv\/en\/ko-jus-zinat-par-brivpratigo-darbu-jauniesiem\/","url_meta":{"origin":8764,"position":5},"title":"Ko jaunie\u0161i dom\u0101 par br\u012bvpr\u0101t\u012bgo darbu?","author":"tesstemona","date":"16\/09\/2021","format":false,"excerpt":"K\u0101 j\u016bs dom\u0101jiet, ko tad sniedz jaunie\u0161iem iesp\u0113ja piedal\u012bties br\u012bvpr\u0101t\u012bg\u0101 darba projektos? Ko var iem\u0101c\u012bties, ko var uzzin\u0101t? Pajaut\u0101sim m\u016bsu jaunie\u0161iem: Nat\u0101lija uzskata, ka br\u012bvpr\u0101t\u012bgais darbs ir sniedzis vi\u0146ai iesp\u0113ju justies patiesi vajadz\u012bgai, izjust to, ka vi\u0146a tie\u0161\u0101m sp\u0113j paveikt lielus darbus, par ko v\u0113l gadu atpaka\u013c nevar\u0113tu iedom\u0101ties. Daniils\u2026","rel":"","context":"In &quot;AltReality&quot;","block_context":{"text":"AltReality","link":"https:\/\/alternativa.lv\/en\/category\/altreality\/"},"img":{"alt_text":"","src":"https:\/\/i0.wp.com\/alternativa.lv\/wp-content\/uploads\/2021\/08\/Photo-from-Irina-Kurpniece.jpg?fit=902%2C1200&ssl=1&resize=350%2C200","width":350,"height":200,"srcset":"https:\/\/i0.wp.com\/alternativa.lv\/wp-content\/uploads\/2021\/08\/Photo-from-Irina-Kurpniece.jpg?fit=902%2C1200&ssl=1&resize=350%2C200 1x, https:\/\/i0.wp.com\/alternativa.lv\/wp-content\/uploads\/2021\/08\/Photo-from-Irina-Kurpniece.jpg?fit=902%2C1200&ssl=1&resize=525%2C300 1.5x, https:\/\/i0.wp.com\/alternativa.lv\/wp-content\/uploads\/2021\/08\/Photo-from-Irina-Kurpniece.jpg?fit=902%2C1200&ssl=1&resize=700%2C400 2x"},"classes":[]}],"amp_enabled":true,"_links":{"self":[{"href":"https:\/\/alternativa.lv\/en\/wp-json\/wp\/v2\/posts\/8764","targetHints":{"allow":["GET"]}}],"collection":[{"href":"https:\/\/alternativa.lv\/en\/wp-json\/wp\/v2\/posts"}],"about":[{"href":"https:\/\/alternativa.lv\/en\/wp-json\/wp\/v2\/types\/post"}],"author":[{"embeddable":true,"href":"https:\/\/alternativa.lv\/en\/wp-json\/wp\/v2\/users\/133522589"}],"replies":[{"embeddable":true,"href":"https:\/\/alternativa.lv\/en\/wp-json\/wp\/v2\/comments?post=8764"}],"version-history":[{"count":4,"href":"https:\/\/alternativa.lv\/en\/wp-json\/wp\/v2\/posts\/8764\/revisions"}],"predecessor-version":[{"id":8834,"href":"https:\/\/alternativa.lv\/en\/wp-json\/wp\/v2\/posts\/8764\/revisions\/8834"}],"wp:featuredmedia":[{"embeddable":true,"href":"https:\/\/alternativa.lv\/en\/wp-json\/wp\/v2\/media\/8766"}],"wp:attachment":[{"href":"https:\/\/alternativa.lv\/en\/wp-json\/wp\/v2\/media?parent=8764"}],"wp:term":[{"taxonomy":"category","embeddable":true,"href":"https:\/\/alternativa.lv\/en\/wp-json\/wp\/v2\/categories?post=8764"},{"taxonomy":"post_tag","embeddable":true,"href":"https:\/\/alternativa.lv\/en\/wp-json\/wp\/v2\/tags?post=8764"},{"taxonomy":"post_folder","embeddable":true,"href":"https:\/\/alternativa.lv\/en\/wp-json\/wp\/v2\/post_folder?post=8764"}],"curies":[{"name":"wp","href":"https:\/\/api.w.org\/{rel}","templated":true}]}}