{"id":14033,"date":"2024-12-28T13:33:00","date_gmt":"2024-12-28T11:33:00","guid":{"rendered":"https:\/\/alternativa.lv\/?p=14033"},"modified":"2026-02-06T13:40:12","modified_gmt":"2026-02-06T11:40:12","slug":"mandarinu-zeme-svin-12-gadu-jubileju","status":"publish","type":"post","link":"https:\/\/alternativa.lv\/ru\/mandarinu-zeme-svin-12-gadu-jubileju\/","title":{"rendered":"Mandar\u012bnu Zeme svin 12 gadu jubileju"},"content":{"rendered":"\n<p><strong>Mandar\u012bnu Zeme svin 12 gadu jubileju un nes Ziemassv\u0113tku burv\u012bbu vair\u0101k nek\u0101 400 b\u0113rniem&nbsp; no b\u0113rnu namiem un kr\u012bzes centriem \u0161ogad piedal\u012bsies aizraujo\u0161\u0101 un izgl\u012btojo\u0161\u0101 Jaungada piedz\u012bvojum\u0101 vis\u0101 Latvij\u0101 !<\/strong><\/p>\n\n\n\n<p>\u0160ogad <strong>Mandar\u012bnu Zeme<\/strong>, Latvij\u0101 liel\u0101kais soci\u0101lais Ziemassv\u0113tku egl\u012btes projekts, atz\u012bm\u0113 savu <strong>12 gadu jubileju<\/strong>! \u0160\u012b ir \u012bpa\u0161a sv\u0113tku trad\u012bcija, kas katru gadu apvieno b\u0113rnus no b\u0113rnu namiem, kr\u012bzes centriem, soci\u0101li mazaizsarg\u0101t\u0101m \u0123imen\u0113m un b\u0113g\u013cu \u0123imen\u0113m. \u0160ogad projekt\u0101 piedal\u012bsies vair\u0101k nek\u0101 <strong>400 b\u0113rni<\/strong>, kuri kop\u0101 piedz\u012bvos ma\u0123isko piedz\u012bvojumu &#171;<em>P\u0113d\u0113jais vienradzis<\/em>&#171;.<\/p>\n\n\n\n<hr class=\"wp-block-separator has-alpha-channel-opacity\"\/>\n\n\n\n<p><strong>10 ma\u0123iski pas\u0101kumi da\u017e\u0101d\u0101s pils\u0113t\u0101s<\/strong><\/p>\n\n\n\n<p>\u0160ogad, papildus pas\u0101kumiem R\u012bg\u0101, Mandar\u012bnu Zeme dosies ar\u012b uz:<\/p>\n\n\n\n<ul class=\"wp-block-list\">\n<li><strong>Daugavpili<\/strong> (14. decembris)<\/li>\n\n\n\n<li><strong>R\u0113zekni<\/strong> (15. decembris)<\/li>\n\n\n\n<li><strong>Liep\u0101ju<\/strong> (25. decembris)<\/li>\n<\/ul>\n\n\n\n<p><strong>Burv\u012bba <\/strong><strong><em>P\u0113d\u0113j\u0101 vienrad\u017ea<\/em><\/strong><strong> pasaul\u0113<\/strong><\/p>\n\n\n\n<p>Katrs pas\u0101kums b\u0113rniem sniegs unik\u0101lu iesp\u0113ju:<\/p>\n\n\n\n<ul class=\"wp-block-list\">\n<li><strong>Piedal\u012bties piedz\u012bvojum\u0101<\/strong>, pal\u012bdzot P\u0113d\u0113jam vienradzis gl\u0101bt vi\u0146as br\u012bnumaino pasauli.<\/li>\n\n\n\n<li><strong>Rado\u0161\u0101s darbn\u012bcas<\/strong> un uzdevumi kop\u0101 ar br\u012bvpr\u0101t\u012bgajiem, kas p\u0101rv\u0113rt\u012bsies par pasaku t\u0113liem.<\/li>\n\n\n\n<li><strong>Kop\u012bgas pusdienas<\/strong>, kur b\u0113rni var\u0113s satikties un sadraudz\u0113ties.<\/li>\n\n\n\n<li>Un, protams, katrs b\u0113rns sa\u0146ems <strong>Ziemassv\u0113tku d\u0101vanu<\/strong>, lai neaizmirstam\u0101 diena turpin\u0101tos ar\u012b m\u0101j\u0101s.<\/li>\n<\/ul>\n\n\n\n<p><strong>Mandar\u012bnu Zeme: 12 gadi, vair\u0101k nek\u0101 5500 b\u0113rni, viena liela kopiena<\/strong><\/p>\n\n\n\n<p>Kop\u0161 2013. gada <strong>Mandar\u012bnu Zeme<\/strong> ir k\u013cuvusi par vietu, kas savieno b\u0113rnus no da\u017e\u0101d\u0101m soci\u0101laj\u0101m grup\u0101m, lai veicin\u0101tu sapratni, sadarb\u012bbu un vienot\u012bbu. P\u0113d\u0113jo 12 gadu laik\u0101 projekta pas\u0101kumos piedal\u012bju\u0161ies vair\u0101k nek\u0101 <strong>5500 b\u0113rni<\/strong>, un daudzi no tiem, kas k\u0101dreiz piedal\u012bj\u0101s k\u0101 b\u0113rni, tagad atgrie\u017eas k\u0101 <strong>br\u012bvpr\u0101t\u012bgie<\/strong>, pal\u012bdzot rad\u012bt sv\u0113tkus jaunajai paaudzei. Programmas valodas: latvie\u0161u, krievu un ang\u013cu.<\/p>\n\n\n\n<p>Projekts ar\u012b piesaista br\u012bvpr\u0101t\u012bgos no <strong>se\u0161\u0101m Eiropas valst\u012bm<\/strong> sadarb\u012bb\u0101 ar Eiropas Solidarit\u0101tes korpusu, veidojot unik\u0101lu kult\u016bru apmai\u0146u un sadarb\u012bbu.*<\/p>\n\n\n\n<p><strong>R\u012bga sagaida \u012bsto Ziemassv\u0113tku vec\u012bti<\/strong><\/p>\n\n\n\n<p><strong>6. decembr\u012b<\/strong> R\u012bgas centra iel\u0101s b\u016bs iesp\u0113ja satikt <strong>\u012bsto Ziemassv\u0113tku vec\u012bti<\/strong> un vi\u0146a br\u012bvpr\u0101t\u012bgo pal\u012bgus! Vi\u0146i ne tikai izplat\u012bs sv\u0113tku prieku un sirsn\u012bbu, bet ar\u012b atg\u0101din\u0101s par to, cik svar\u012bgi ir kop\u0101 atbalst\u012bt tos, kuriem tas nepiecie\u0161ams visvair\u0101k.<\/p>\n\n\n\n<p><strong>Pievienojies Mandar\u012bnu Zemei!<\/strong><\/p>\n\n\n\n<ul class=\"wp-block-list\">\n<li>Apciemo m\u0101jaslapu:<a href=\"https:\/\/www.mandarinuzeme.lv\"> www.mandarinuzeme.lv<\/a>, lai uzzin\u0101tu vair\u0101k.<\/li>\n<\/ul>\n\n\n\n<p>Ieg\u0101d\u0101jies labdar\u012bbas bi\u013ceti: Katrs bi\u013cetes ieg\u0101d\u0101t\u0101js pal\u012bdz k\u0101dam b\u0113rnam piedal\u012bties \u0161ajos sv\u0113tkos<\/p>\n\n\n\n<figure class=\"wp-block-gallery has-nested-images columns-default is-cropped wp-block-gallery-1 is-layout-flex wp-block-gallery-is-layout-flex\">\n<figure class=\"wp-block-image size-large\"><img data-recalc-dims=\"1\" loading=\"lazy\" decoding=\"async\" width=\"768\" height=\"1024\" data-attachment-id=\"14041\" data-permalink=\"https:\/\/alternativa.lv\/ru\/mandarinu-zeme-svin-12-gadu-jubileju\/img_0454-3\/\" data-orig-file=\"https:\/\/i0.wp.com\/alternativa.lv\/wp-content\/uploads\/2026\/02\/IMG_0454.jpg?fit=3024%2C4032&amp;ssl=1\" data-orig-size=\"3024,4032\" data-comments-opened=\"0\" data-image-meta=\"{&quot;aperture&quot;:&quot;0&quot;,&quot;credit&quot;:&quot;&quot;,&quot;camera&quot;:&quot;&quot;,&quot;caption&quot;:&quot;&quot;,&quot;created_timestamp&quot;:&quot;0&quot;,&quot;copyright&quot;:&quot;&quot;,&quot;focal_length&quot;:&quot;0&quot;,&quot;iso&quot;:&quot;0&quot;,&quot;shutter_speed&quot;:&quot;0&quot;,&quot;title&quot;:&quot;&quot;,&quot;orientation&quot;:&quot;0&quot;}\" data-image-title=\"IMG_0454\" data-image-description=\"\" data-image-caption=\"\" data-large-file=\"https:\/\/i0.wp.com\/alternativa.lv\/wp-content\/uploads\/2026\/02\/IMG_0454.jpg?fit=768%2C1024&amp;ssl=1\" data-id=\"14041\" src=\"https:\/\/i0.wp.com\/alternativa.lv\/wp-content\/uploads\/2026\/02\/IMG_0454.jpg?resize=768%2C1024&#038;ssl=1\" alt=\"\" class=\"wp-image-14041\" srcset=\"https:\/\/i0.wp.com\/alternativa.lv\/wp-content\/uploads\/2026\/02\/IMG_0454.jpg?resize=768%2C1024&amp;ssl=1 768w, https:\/\/i0.wp.com\/alternativa.lv\/wp-content\/uploads\/2026\/02\/IMG_0454.jpg?resize=225%2C300&amp;ssl=1 225w, https:\/\/i0.wp.com\/alternativa.lv\/wp-content\/uploads\/2026\/02\/IMG_0454.jpg?resize=1152%2C1536&amp;ssl=1 1152w, https:\/\/i0.wp.com\/alternativa.lv\/wp-content\/uploads\/2026\/02\/IMG_0454.jpg?resize=1536%2C2048&amp;ssl=1 1536w, https:\/\/i0.wp.com\/alternativa.lv\/wp-content\/uploads\/2026\/02\/IMG_0454.jpg?resize=900%2C1200&amp;ssl=1 900w, https:\/\/i0.wp.com\/alternativa.lv\/wp-content\/uploads\/2026\/02\/IMG_0454.jpg?resize=600%2C800&amp;ssl=1 600w, https:\/\/i0.wp.com\/alternativa.lv\/wp-content\/uploads\/2026\/02\/IMG_0454.jpg?resize=450%2C600&amp;ssl=1 450w, https:\/\/i0.wp.com\/alternativa.lv\/wp-content\/uploads\/2026\/02\/IMG_0454.jpg?resize=300%2C400&amp;ssl=1 300w, https:\/\/i0.wp.com\/alternativa.lv\/wp-content\/uploads\/2026\/02\/IMG_0454.jpg?resize=150%2C200&amp;ssl=1 150w, https:\/\/i0.wp.com\/alternativa.lv\/wp-content\/uploads\/2026\/02\/IMG_0454.jpg?resize=1200%2C1600&amp;ssl=1 1200w, https:\/\/i0.wp.com\/alternativa.lv\/wp-content\/uploads\/2026\/02\/IMG_0454.jpg?w=1600&amp;ssl=1 1600w, https:\/\/i0.wp.com\/alternativa.lv\/wp-content\/uploads\/2026\/02\/IMG_0454.jpg?w=2400&amp;ssl=1 2400w\" sizes=\"auto, (max-width: 768px) 100vw, 768px\" \/><\/figure>\n\n\n\n<figure class=\"wp-block-image size-large\"><img data-recalc-dims=\"1\" loading=\"lazy\" decoding=\"async\" width=\"800\" height=\"600\" data-attachment-id=\"14042\" data-permalink=\"https:\/\/alternativa.lv\/ru\/mandarinu-zeme-svin-12-gadu-jubileju\/p1533244-2\/\" data-orig-file=\"https:\/\/i0.wp.com\/alternativa.lv\/wp-content\/uploads\/2026\/02\/P1533244.jpg?fit=5184%2C3888&amp;ssl=1\" data-orig-size=\"5184,3888\" data-comments-opened=\"0\" data-image-meta=\"{&quot;aperture&quot;:&quot;4.9&quot;,&quot;credit&quot;:&quot;&quot;,&quot;camera&quot;:&quot;DC-GH5&quot;,&quot;caption&quot;:&quot;&quot;,&quot;created_timestamp&quot;:&quot;1734784012&quot;,&quot;copyright&quot;:&quot;&quot;,&quot;focal_length&quot;:&quot;30&quot;,&quot;iso&quot;:&quot;3200&quot;,&quot;shutter_speed&quot;:&quot;0.02&quot;,&quot;title&quot;:&quot;&quot;,&quot;orientation&quot;:&quot;1&quot;}\" data-image-title=\"P1533244\" data-image-description=\"\" data-image-caption=\"\" data-large-file=\"https:\/\/i0.wp.com\/alternativa.lv\/wp-content\/uploads\/2026\/02\/P1533244.jpg?fit=800%2C600&amp;ssl=1\" data-id=\"14042\" src=\"https:\/\/i0.wp.com\/alternativa.lv\/wp-content\/uploads\/2026\/02\/P1533244.jpg?resize=800%2C600&#038;ssl=1\" alt=\"\" class=\"wp-image-14042\" srcset=\"https:\/\/i0.wp.com\/alternativa.lv\/wp-content\/uploads\/2026\/02\/P1533244.jpg?resize=1024%2C768&amp;ssl=1 1024w, https:\/\/i0.wp.com\/alternativa.lv\/wp-content\/uploads\/2026\/02\/P1533244.jpg?resize=300%2C225&amp;ssl=1 300w, https:\/\/i0.wp.com\/alternativa.lv\/wp-content\/uploads\/2026\/02\/P1533244.jpg?resize=768%2C576&amp;ssl=1 768w, https:\/\/i0.wp.com\/alternativa.lv\/wp-content\/uploads\/2026\/02\/P1533244.jpg?resize=1536%2C1152&amp;ssl=1 1536w, https:\/\/i0.wp.com\/alternativa.lv\/wp-content\/uploads\/2026\/02\/P1533244.jpg?resize=2048%2C1536&amp;ssl=1 2048w, https:\/\/i0.wp.com\/alternativa.lv\/wp-content\/uploads\/2026\/02\/P1533244.jpg?resize=1200%2C900&amp;ssl=1 1200w, https:\/\/i0.wp.com\/alternativa.lv\/wp-content\/uploads\/2026\/02\/P1533244.jpg?resize=800%2C600&amp;ssl=1 800w, https:\/\/i0.wp.com\/alternativa.lv\/wp-content\/uploads\/2026\/02\/P1533244.jpg?resize=600%2C450&amp;ssl=1 600w, https:\/\/i0.wp.com\/alternativa.lv\/wp-content\/uploads\/2026\/02\/P1533244.jpg?resize=400%2C300&amp;ssl=1 400w, https:\/\/i0.wp.com\/alternativa.lv\/wp-content\/uploads\/2026\/02\/P1533244.jpg?resize=200%2C150&amp;ssl=1 200w, https:\/\/i0.wp.com\/alternativa.lv\/wp-content\/uploads\/2026\/02\/P1533244.jpg?w=1600&amp;ssl=1 1600w, https:\/\/i0.wp.com\/alternativa.lv\/wp-content\/uploads\/2026\/02\/P1533244.jpg?w=2400&amp;ssl=1 2400w\" sizes=\"auto, (max-width: 800px) 100vw, 800px\" \/><\/figure>\n\n\n\n<figure class=\"wp-block-image size-large\"><img data-recalc-dims=\"1\" loading=\"lazy\" decoding=\"async\" width=\"768\" height=\"1024\" data-attachment-id=\"14040\" data-permalink=\"https:\/\/alternativa.lv\/ru\/mandarinu-zeme-svin-12-gadu-jubileju\/photo_5999091155641419151_y\/\" data-orig-file=\"https:\/\/i0.wp.com\/alternativa.lv\/wp-content\/uploads\/2026\/02\/photo_5999091155641419151_y.jpg?fit=960%2C1280&amp;ssl=1\" data-orig-size=\"960,1280\" data-comments-opened=\"0\" data-image-meta=\"{&quot;aperture&quot;:&quot;0&quot;,&quot;credit&quot;:&quot;&quot;,&quot;camera&quot;:&quot;&quot;,&quot;caption&quot;:&quot;&quot;,&quot;created_timestamp&quot;:&quot;0&quot;,&quot;copyright&quot;:&quot;&quot;,&quot;focal_length&quot;:&quot;0&quot;,&quot;iso&quot;:&quot;0&quot;,&quot;shutter_speed&quot;:&quot;0&quot;,&quot;title&quot;:&quot;&quot;,&quot;orientation&quot;:&quot;0&quot;}\" data-image-title=\"photo_5999091155641419151_y\" data-image-description=\"\" data-image-caption=\"\" data-large-file=\"https:\/\/i0.wp.com\/alternativa.lv\/wp-content\/uploads\/2026\/02\/photo_5999091155641419151_y.jpg?fit=768%2C1024&amp;ssl=1\" data-id=\"14040\" src=\"https:\/\/i0.wp.com\/alternativa.lv\/wp-content\/uploads\/2026\/02\/photo_5999091155641419151_y.jpg?resize=768%2C1024&#038;ssl=1\" alt=\"\" class=\"wp-image-14040\" srcset=\"https:\/\/i0.wp.com\/alternativa.lv\/wp-content\/uploads\/2026\/02\/photo_5999091155641419151_y.jpg?resize=768%2C1024&amp;ssl=1 768w, https:\/\/i0.wp.com\/alternativa.lv\/wp-content\/uploads\/2026\/02\/photo_5999091155641419151_y.jpg?resize=225%2C300&amp;ssl=1 225w, https:\/\/i0.wp.com\/alternativa.lv\/wp-content\/uploads\/2026\/02\/photo_5999091155641419151_y.jpg?resize=900%2C1200&amp;ssl=1 900w, https:\/\/i0.wp.com\/alternativa.lv\/wp-content\/uploads\/2026\/02\/photo_5999091155641419151_y.jpg?resize=600%2C800&amp;ssl=1 600w, https:\/\/i0.wp.com\/alternativa.lv\/wp-content\/uploads\/2026\/02\/photo_5999091155641419151_y.jpg?resize=450%2C600&amp;ssl=1 450w, https:\/\/i0.wp.com\/alternativa.lv\/wp-content\/uploads\/2026\/02\/photo_5999091155641419151_y.jpg?resize=300%2C400&amp;ssl=1 300w, https:\/\/i0.wp.com\/alternativa.lv\/wp-content\/uploads\/2026\/02\/photo_5999091155641419151_y.jpg?resize=150%2C200&amp;ssl=1 150w, https:\/\/i0.wp.com\/alternativa.lv\/wp-content\/uploads\/2026\/02\/photo_5999091155641419151_y.jpg?w=960&amp;ssl=1 960w\" sizes=\"auto, (max-width: 768px) 100vw, 768px\" \/><\/figure>\n\n\n\n<figure class=\"wp-block-image size-large\"><img data-recalc-dims=\"1\" loading=\"lazy\" decoding=\"async\" width=\"800\" height=\"600\" data-attachment-id=\"14036\" data-permalink=\"https:\/\/alternativa.lv\/ru\/mandarinu-zeme-svin-12-gadu-jubileju\/photo_6017345655707649457_y-4\/\" data-orig-file=\"https:\/\/i0.wp.com\/alternativa.lv\/wp-content\/uploads\/2026\/02\/photo_6017345655707649457_y.jpg?fit=1280%2C960&amp;ssl=1\" data-orig-size=\"1280,960\" data-comments-opened=\"0\" data-image-meta=\"{&quot;aperture&quot;:&quot;0&quot;,&quot;credit&quot;:&quot;&quot;,&quot;camera&quot;:&quot;&quot;,&quot;caption&quot;:&quot;&quot;,&quot;created_timestamp&quot;:&quot;0&quot;,&quot;copyright&quot;:&quot;&quot;,&quot;focal_length&quot;:&quot;0&quot;,&quot;iso&quot;:&quot;0&quot;,&quot;shutter_speed&quot;:&quot;0&quot;,&quot;title&quot;:&quot;&quot;,&quot;orientation&quot;:&quot;0&quot;}\" data-image-title=\"photo_6017345655707649457_y\" data-image-description=\"\" data-image-caption=\"\" data-large-file=\"https:\/\/i0.wp.com\/alternativa.lv\/wp-content\/uploads\/2026\/02\/photo_6017345655707649457_y.jpg?fit=800%2C600&amp;ssl=1\" data-id=\"14036\" src=\"https:\/\/i0.wp.com\/alternativa.lv\/wp-content\/uploads\/2026\/02\/photo_6017345655707649457_y.jpg?resize=800%2C600&#038;ssl=1\" alt=\"\" class=\"wp-image-14036\" srcset=\"https:\/\/i0.wp.com\/alternativa.lv\/wp-content\/uploads\/2026\/02\/photo_6017345655707649457_y.jpg?resize=1024%2C768&amp;ssl=1 1024w, https:\/\/i0.wp.com\/alternativa.lv\/wp-content\/uploads\/2026\/02\/photo_6017345655707649457_y.jpg?resize=300%2C225&amp;ssl=1 300w, https:\/\/i0.wp.com\/alternativa.lv\/wp-content\/uploads\/2026\/02\/photo_6017345655707649457_y.jpg?resize=768%2C576&amp;ssl=1 768w, https:\/\/i0.wp.com\/alternativa.lv\/wp-content\/uploads\/2026\/02\/photo_6017345655707649457_y.jpg?resize=1200%2C900&amp;ssl=1 1200w, https:\/\/i0.wp.com\/alternativa.lv\/wp-content\/uploads\/2026\/02\/photo_6017345655707649457_y.jpg?resize=800%2C600&amp;ssl=1 800w, https:\/\/i0.wp.com\/alternativa.lv\/wp-content\/uploads\/2026\/02\/photo_6017345655707649457_y.jpg?resize=600%2C450&amp;ssl=1 600w, https:\/\/i0.wp.com\/alternativa.lv\/wp-content\/uploads\/2026\/02\/photo_6017345655707649457_y.jpg?resize=400%2C300&amp;ssl=1 400w, https:\/\/i0.wp.com\/alternativa.lv\/wp-content\/uploads\/2026\/02\/photo_6017345655707649457_y.jpg?resize=200%2C150&amp;ssl=1 200w, https:\/\/i0.wp.com\/alternativa.lv\/wp-content\/uploads\/2026\/02\/photo_6017345655707649457_y.jpg?w=1280&amp;ssl=1 1280w\" sizes=\"auto, (max-width: 800px) 100vw, 800px\" \/><\/figure>\n\n\n\n<figure class=\"wp-block-image size-large\"><img data-recalc-dims=\"1\" loading=\"lazy\" decoding=\"async\" width=\"800\" height=\"600\" data-attachment-id=\"14038\" data-permalink=\"https:\/\/alternativa.lv\/ru\/mandarinu-zeme-svin-12-gadu-jubileju\/photo_6017345655707649517_y-4\/\" data-orig-file=\"https:\/\/i0.wp.com\/alternativa.lv\/wp-content\/uploads\/2026\/02\/photo_6017345655707649517_y.jpg?fit=1280%2C960&amp;ssl=1\" data-orig-size=\"1280,960\" data-comments-opened=\"0\" data-image-meta=\"{&quot;aperture&quot;:&quot;0&quot;,&quot;credit&quot;:&quot;&quot;,&quot;camera&quot;:&quot;&quot;,&quot;caption&quot;:&quot;&quot;,&quot;created_timestamp&quot;:&quot;0&quot;,&quot;copyright&quot;:&quot;&quot;,&quot;focal_length&quot;:&quot;0&quot;,&quot;iso&quot;:&quot;0&quot;,&quot;shutter_speed&quot;:&quot;0&quot;,&quot;title&quot;:&quot;&quot;,&quot;orientation&quot;:&quot;0&quot;}\" data-image-title=\"photo_6017345655707649517_y\" data-image-description=\"\" data-image-caption=\"\" data-large-file=\"https:\/\/i0.wp.com\/alternativa.lv\/wp-content\/uploads\/2026\/02\/photo_6017345655707649517_y.jpg?fit=800%2C600&amp;ssl=1\" data-id=\"14038\" src=\"https:\/\/i0.wp.com\/alternativa.lv\/wp-content\/uploads\/2026\/02\/photo_6017345655707649517_y.jpg?resize=800%2C600&#038;ssl=1\" alt=\"\" class=\"wp-image-14038\" srcset=\"https:\/\/i0.wp.com\/alternativa.lv\/wp-content\/uploads\/2026\/02\/photo_6017345655707649517_y.jpg?resize=1024%2C768&amp;ssl=1 1024w, https:\/\/i0.wp.com\/alternativa.lv\/wp-content\/uploads\/2026\/02\/photo_6017345655707649517_y.jpg?resize=300%2C225&amp;ssl=1 300w, https:\/\/i0.wp.com\/alternativa.lv\/wp-content\/uploads\/2026\/02\/photo_6017345655707649517_y.jpg?resize=768%2C576&amp;ssl=1 768w, https:\/\/i0.wp.com\/alternativa.lv\/wp-content\/uploads\/2026\/02\/photo_6017345655707649517_y.jpg?resize=1200%2C900&amp;ssl=1 1200w, https:\/\/i0.wp.com\/alternativa.lv\/wp-content\/uploads\/2026\/02\/photo_6017345655707649517_y.jpg?resize=800%2C600&amp;ssl=1 800w, https:\/\/i0.wp.com\/alternativa.lv\/wp-content\/uploads\/2026\/02\/photo_6017345655707649517_y.jpg?resize=600%2C450&amp;ssl=1 600w, https:\/\/i0.wp.com\/alternativa.lv\/wp-content\/uploads\/2026\/02\/photo_6017345655707649517_y.jpg?resize=400%2C300&amp;ssl=1 400w, https:\/\/i0.wp.com\/alternativa.lv\/wp-content\/uploads\/2026\/02\/photo_6017345655707649517_y.jpg?resize=200%2C150&amp;ssl=1 200w, https:\/\/i0.wp.com\/alternativa.lv\/wp-content\/uploads\/2026\/02\/photo_6017345655707649517_y.jpg?w=1280&amp;ssl=1 1280w\" sizes=\"auto, (max-width: 800px) 100vw, 800px\" \/><\/figure>\n\n\n\n<figure class=\"wp-block-image size-large\"><img data-recalc-dims=\"1\" loading=\"lazy\" decoding=\"async\" width=\"800\" height=\"600\" data-attachment-id=\"14037\" data-permalink=\"https:\/\/alternativa.lv\/ru\/mandarinu-zeme-svin-12-gadu-jubileju\/photo_6017345655707649528_y-2\/\" data-orig-file=\"https:\/\/i0.wp.com\/alternativa.lv\/wp-content\/uploads\/2026\/02\/photo_6017345655707649528_y.jpg?fit=1280%2C960&amp;ssl=1\" data-orig-size=\"1280,960\" data-comments-opened=\"0\" data-image-meta=\"{&quot;aperture&quot;:&quot;0&quot;,&quot;credit&quot;:&quot;&quot;,&quot;camera&quot;:&quot;&quot;,&quot;caption&quot;:&quot;&quot;,&quot;created_timestamp&quot;:&quot;0&quot;,&quot;copyright&quot;:&quot;&quot;,&quot;focal_length&quot;:&quot;0&quot;,&quot;iso&quot;:&quot;0&quot;,&quot;shutter_speed&quot;:&quot;0&quot;,&quot;title&quot;:&quot;&quot;,&quot;orientation&quot;:&quot;0&quot;}\" data-image-title=\"photo_6017345655707649528_y\" data-image-description=\"\" data-image-caption=\"\" data-large-file=\"https:\/\/i0.wp.com\/alternativa.lv\/wp-content\/uploads\/2026\/02\/photo_6017345655707649528_y.jpg?fit=800%2C600&amp;ssl=1\" data-id=\"14037\" src=\"https:\/\/i0.wp.com\/alternativa.lv\/wp-content\/uploads\/2026\/02\/photo_6017345655707649528_y.jpg?resize=800%2C600&#038;ssl=1\" alt=\"\" class=\"wp-image-14037\" srcset=\"https:\/\/i0.wp.com\/alternativa.lv\/wp-content\/uploads\/2026\/02\/photo_6017345655707649528_y.jpg?resize=1024%2C768&amp;ssl=1 1024w, https:\/\/i0.wp.com\/alternativa.lv\/wp-content\/uploads\/2026\/02\/photo_6017345655707649528_y.jpg?resize=300%2C225&amp;ssl=1 300w, https:\/\/i0.wp.com\/alternativa.lv\/wp-content\/uploads\/2026\/02\/photo_6017345655707649528_y.jpg?resize=768%2C576&amp;ssl=1 768w, https:\/\/i0.wp.com\/alternativa.lv\/wp-content\/uploads\/2026\/02\/photo_6017345655707649528_y.jpg?resize=1200%2C900&amp;ssl=1 1200w, https:\/\/i0.wp.com\/alternativa.lv\/wp-content\/uploads\/2026\/02\/photo_6017345655707649528_y.jpg?resize=800%2C600&amp;ssl=1 800w, https:\/\/i0.wp.com\/alternativa.lv\/wp-content\/uploads\/2026\/02\/photo_6017345655707649528_y.jpg?resize=600%2C450&amp;ssl=1 600w, https:\/\/i0.wp.com\/alternativa.lv\/wp-content\/uploads\/2026\/02\/photo_6017345655707649528_y.jpg?resize=400%2C300&amp;ssl=1 400w, https:\/\/i0.wp.com\/alternativa.lv\/wp-content\/uploads\/2026\/02\/photo_6017345655707649528_y.jpg?resize=200%2C150&amp;ssl=1 200w, https:\/\/i0.wp.com\/alternativa.lv\/wp-content\/uploads\/2026\/02\/photo_6017345655707649528_y.jpg?w=1280&amp;ssl=1 1280w\" sizes=\"auto, (max-width: 800px) 100vw, 800px\" \/><\/figure>\n\n\n\n<figure class=\"wp-block-image size-large\"><img data-recalc-dims=\"1\" loading=\"lazy\" decoding=\"async\" width=\"800\" height=\"600\" data-attachment-id=\"14039\" data-permalink=\"https:\/\/alternativa.lv\/ru\/mandarinu-zeme-svin-12-gadu-jubileju\/photo_6017345655707649575_y-4\/\" data-orig-file=\"https:\/\/i0.wp.com\/alternativa.lv\/wp-content\/uploads\/2026\/02\/photo_6017345655707649575_y.jpg?fit=1280%2C960&amp;ssl=1\" data-orig-size=\"1280,960\" data-comments-opened=\"0\" data-image-meta=\"{&quot;aperture&quot;:&quot;0&quot;,&quot;credit&quot;:&quot;&quot;,&quot;camera&quot;:&quot;&quot;,&quot;caption&quot;:&quot;&quot;,&quot;created_timestamp&quot;:&quot;0&quot;,&quot;copyright&quot;:&quot;&quot;,&quot;focal_length&quot;:&quot;0&quot;,&quot;iso&quot;:&quot;0&quot;,&quot;shutter_speed&quot;:&quot;0&quot;,&quot;title&quot;:&quot;&quot;,&quot;orientation&quot;:&quot;0&quot;}\" data-image-title=\"photo_6017345655707649575_y\" data-image-description=\"\" data-image-caption=\"\" data-large-file=\"https:\/\/i0.wp.com\/alternativa.lv\/wp-content\/uploads\/2026\/02\/photo_6017345655707649575_y.jpg?fit=800%2C600&amp;ssl=1\" data-id=\"14039\" src=\"https:\/\/i0.wp.com\/alternativa.lv\/wp-content\/uploads\/2026\/02\/photo_6017345655707649575_y.jpg?resize=800%2C600&#038;ssl=1\" alt=\"\" class=\"wp-image-14039\" srcset=\"https:\/\/i0.wp.com\/alternativa.lv\/wp-content\/uploads\/2026\/02\/photo_6017345655707649575_y.jpg?resize=1024%2C768&amp;ssl=1 1024w, https:\/\/i0.wp.com\/alternativa.lv\/wp-content\/uploads\/2026\/02\/photo_6017345655707649575_y.jpg?resize=300%2C225&amp;ssl=1 300w, https:\/\/i0.wp.com\/alternativa.lv\/wp-content\/uploads\/2026\/02\/photo_6017345655707649575_y.jpg?resize=768%2C576&amp;ssl=1 768w, https:\/\/i0.wp.com\/alternativa.lv\/wp-content\/uploads\/2026\/02\/photo_6017345655707649575_y.jpg?resize=1200%2C900&amp;ssl=1 1200w, https:\/\/i0.wp.com\/alternativa.lv\/wp-content\/uploads\/2026\/02\/photo_6017345655707649575_y.jpg?resize=800%2C600&amp;ssl=1 800w, https:\/\/i0.wp.com\/alternativa.lv\/wp-content\/uploads\/2026\/02\/photo_6017345655707649575_y.jpg?resize=600%2C450&amp;ssl=1 600w, https:\/\/i0.wp.com\/alternativa.lv\/wp-content\/uploads\/2026\/02\/photo_6017345655707649575_y.jpg?resize=400%2C300&amp;ssl=1 400w, https:\/\/i0.wp.com\/alternativa.lv\/wp-content\/uploads\/2026\/02\/photo_6017345655707649575_y.jpg?resize=200%2C150&amp;ssl=1 200w, https:\/\/i0.wp.com\/alternativa.lv\/wp-content\/uploads\/2026\/02\/photo_6017345655707649575_y.jpg?w=1280&amp;ssl=1 1280w\" sizes=\"auto, (max-width: 800px) 100vw, 800px\" \/><\/figure>\n<\/figure>\n\n\n\n<p>Projektu Mandar\u012bnu Zeme 2024 finans\u0113 Eiropas Savien\u012bba. Tom\u0113r paustie uzskati un viedok\u013ci ir tikai autora(-u) uzskati un viedok\u013ci un ne vienm\u0113r atspogu\u013co Eiropas Savien\u012bbas vai Jaunatnes starptautisko programmu a\u0123ent\u016bras uzskatus un viedok\u013cus. Ne Eiropas Savien\u012bbu, ne pie\u0161\u0137\u012br\u0113ju iest\u0101di nevar saukt pie atbild\u012bbas par tiem.<\/p>\n\n\n\n<figure class=\"wp-block-image aligncenter\"><img loading=\"lazy\" decoding=\"async\" width=\"1400\" height=\"250\" data-attachment-id=\"13693\" data-permalink=\"https:\/\/alternativa.lv\/ru\/gatavojam-prieku-ar-esc-projekta-palidzibu-gatavojam-ziemassvetku-parsteigumus-berniem\/logo-set_jspa-eu-ed-ar-eng-lv-color-5\/\" data-orig-file=\"https:\/\/i0.wp.com\/alternativa.lv\/wp-content\/uploads\/2025\/11\/LOGO-SET_JSPA-EU-ED-AR-ENG-LV-COLOR.png?fit=1400%2C250&amp;ssl=1\" data-orig-size=\"1400,250\" data-comments-opened=\"0\" data-image-meta=\"{&quot;aperture&quot;:&quot;0&quot;,&quot;credit&quot;:&quot;&quot;,&quot;camera&quot;:&quot;&quot;,&quot;caption&quot;:&quot;&quot;,&quot;created_timestamp&quot;:&quot;0&quot;,&quot;copyright&quot;:&quot;&quot;,&quot;focal_length&quot;:&quot;0&quot;,&quot;iso&quot;:&quot;0&quot;,&quot;shutter_speed&quot;:&quot;0&quot;,&quot;title&quot;:&quot;&quot;,&quot;orientation&quot;:&quot;0&quot;}\" data-image-title=\"LOGO SET_JSPA EU ED AR &amp;#8212; ENG LV COLOR\" data-image-description=\"\" data-image-caption=\"\" data-large-file=\"https:\/\/i0.wp.com\/alternativa.lv\/wp-content\/uploads\/2025\/11\/LOGO-SET_JSPA-EU-ED-AR-ENG-LV-COLOR.png?fit=800%2C143&amp;ssl=1\" src=\"https:\/\/i0.wp.com\/alternativa.lv\/wp-content\/uploads\/2025\/11\/LOGO-SET_JSPA-EU-ED-AR-ENG-LV-COLOR.png?resize=800%2C143&amp;ssl=1\" alt=\"\" class=\"wp-image-13693\" srcset=\"https:\/\/i0.wp.com\/alternativa.lv\/wp-content\/uploads\/2025\/11\/LOGO-SET_JSPA-EU-ED-AR-ENG-LV-COLOR.png?w=1400&amp;ssl=1 1400w, https:\/\/i0.wp.com\/alternativa.lv\/wp-content\/uploads\/2025\/11\/LOGO-SET_JSPA-EU-ED-AR-ENG-LV-COLOR.png?resize=300%2C54&amp;ssl=1 300w, https:\/\/i0.wp.com\/alternativa.lv\/wp-content\/uploads\/2025\/11\/LOGO-SET_JSPA-EU-ED-AR-ENG-LV-COLOR.png?resize=1024%2C183&amp;ssl=1 1024w, https:\/\/i0.wp.com\/alternativa.lv\/wp-content\/uploads\/2025\/11\/LOGO-SET_JSPA-EU-ED-AR-ENG-LV-COLOR.png?resize=768%2C137&amp;ssl=1 768w\" sizes=\"auto, (max-width: 800px) 100vw, 800px\" \/><\/figure>\n\n\n\n<p><\/p>\n","protected":false},"excerpt":{"rendered":"<p>Mandar\u012bnu Zeme svin 12 gadu jubileju un nes Ziemassv\u0113tku burv\u012bbu vair\u0101k nek\u0101 400 b\u0113rniem&nbsp; no b\u0113rnu namiem un kr\u012bzes centriem \u0161ogad piedal\u012bsies aizraujo\u0161\u0101 un izgl\u012btojo\u0161\u0101 Jaungada piedz\u012bvojum\u0101 vis\u0101 Latvij\u0101 ! \u0160ogad Mandar\u012bnu Zeme, Latvij\u0101 liel\u0101kais soci\u0101lais Ziemassv\u0113tku egl\u012btes projekts, atz\u012bm\u0113 savu 12 gadu jubileju! \u0160\u012b ir \u012bpa\u0161a sv\u0113tku trad\u012bcija, kas&gt;&gt;&gt;<\/p>\n","protected":false},"author":133522584,"featured_media":0,"comment_status":"closed","ping_status":"open","sticky":false,"template":"","format":"standard","meta":{"_eb_attr":"","_jetpack_newsletter_access":"","_jetpack_dont_email_post_to_subs":false,"_jetpack_newsletter_tier_id":0,"_jetpack_memberships_contains_paywalled_content":false,"_jetpack_memberships_contains_paid_content":false,"footnotes":"","jetpack_publicize_message":"","jetpack_publicize_feature_enabled":true,"jetpack_social_post_already_shared":true,"jetpack_social_options":{"image_generator_settings":{"template":"highway","default_image_id":0,"font":"","enabled":false},"version":2},"_wpas_customize_per_network":false,"jetpack_post_was_ever_published":false},"categories":[635157350,635157249,635157252,635157207,635157542,35842],"tags":[],"post_folder":[635157374,635157478],"class_list":["post-14033","post","type-post","status-publish","format-standard","hentry","category-altreality","category-essolidaritateskorpuss","category-frontpage","category-jspa","category-volunteering-projects","category-volunteers"],"translation":{"provider":"WPGlobus","version":"3.0.2","language":"ru","enabled_languages":["lv","en","ru"],"languages":{"lv":{"title":true,"content":true,"excerpt":false},"en":{"title":false,"content":false,"excerpt":false},"ru":{"title":false,"content":false,"excerpt":false}}},"jetpack_publicize_connections":[],"jetpack_featured_media_url":"","jetpack_sharing_enabled":true,"jetpack_shortlink":"https:\/\/wp.me\/p9yPz0-3El","jetpack_likes_enabled":true,"jetpack-related-posts":[{"id":3430,"url":"https:\/\/alternativa.lv\/ru\/mandarinu-zeme-pasaka-par-nozagto-laiku-ir-klat\/","url_meta":{"origin":14033,"position":0},"title":"\u041c\u0430\u043d\u0434\u0430\u0440\u0438\u043d\u0438\u044f: \u0421\u043a\u0430\u0437\u043a\u0430 \u043e\u0431 \u0443\u043a\u0440\u0430\u0434\u0435\u043d\u043d\u043e\u043c \u0432\u0440\u0435\u043c\u0435\u043d\u0438","author":"natalijasavina","date":"09\/12\/2020","format":false,"excerpt":"{:lv} Tuvojas burv\u012bgs Ziemassv\u0113tku laiks! Logos iededzas sveces , iel\u0101s st\u0101v skaisti izrot\u0101tas egles. Ziemassv\u0113tku st\u0101sts \u201cMandar\u012bnu Zeme: Pasaka par nozagto laiku\u201d dr\u012bz atdz\u012bvosies.\u00a0 \u0145emot v\u0113r\u0101 \u0101rk\u0101rt\u0113jo situ\u0101ciju valst\u012b un ievestos ierobe\u017eojumus pas\u0101kumu organiz\u0113\u0161an\u0101\u00a0 pand\u0113mijas d\u0113\u013c, m\u0113s nol\u0113m\u0101m, ka nav god\u012bgi atst\u0101t b\u0113rnus bez Ziemassv\u0113tkiem un br\u012bnuma. T\u0101p\u0113c Kult\u016bras biedr\u012bba\u2026","rel":"","context":"\u0412 &quot;ESC&quot;","block_context":{"text":"ESC","link":"https:\/\/alternativa.lv\/ru\/category\/esc\/"},"img":{"alt_text":"","src":"https:\/\/i0.wp.com\/alternativa.lv\/wp-content\/uploads\/2020\/12\/Image-8-Medium.jpeg?fit=1024%2C768&ssl=1&resize=350%2C200","width":350,"height":200,"srcset":"https:\/\/i0.wp.com\/alternativa.lv\/wp-content\/uploads\/2020\/12\/Image-8-Medium.jpeg?fit=1024%2C768&ssl=1&resize=350%2C200 1x, https:\/\/i0.wp.com\/alternativa.lv\/wp-content\/uploads\/2020\/12\/Image-8-Medium.jpeg?fit=1024%2C768&ssl=1&resize=525%2C300 1.5x, https:\/\/i0.wp.com\/alternativa.lv\/wp-content\/uploads\/2020\/12\/Image-8-Medium.jpeg?fit=1024%2C768&ssl=1&resize=700%2C400 2x"},"classes":[]},{"id":8533,"url":"https:\/\/alternativa.lv\/ru\/3-februari-notika-lieliska-pirmizrade-interaktivais-labdaribas-pasakums-mazais-princis-kas-tiek-istenots-projekta-mandarinu-zeme-ietvaros\/","url_meta":{"origin":14033,"position":1},"title":"3. febru\u0101r\u012b notika lieliska pirmizr\u0101de &#8212; interakt\u012bvais labdar\u012bbas pas\u0101kums \u201eMazais princis\u201d, kas tiek \u012bstenots projekta &#171;Mandar\u012bnu Zeme&#187; ietvaros","author":"natalijasavina","date":"07\/02\/2023","format":false,"excerpt":"M\u016bsu komandu p\u0101r\u0146\u0113ma emocijas: s\u0101kum\u0101 m\u0113s visi bij\u0101m \u013coti satraukti, jo bija j\u0101\u0146em v\u0113r\u0101 daudzus s\u012bkumus, k\u0101 ar\u012b da\u017eiem no mums t\u0101 bija pirm\u0101 publisk\u0101 uzst\u0101\u0161an\u0101s m\u016b\u017e\u0101 M\u016bsu burvji sagaid\u012bja b\u0113rnus no: Atbalsta centra b\u0113rniem un \u0123imen\u0113m \u201eRoku rok\u0101\u201d, Dienas centra \u201eStropi\u0146\u0161\u201d, Atbalsta centra b\u0113rniem un \u0123imen\u0113m \u201eSirdsgaisma\u201d un VSAC\u2026","rel":"","context":"\u0412 &quot;AltReality&quot;","block_context":{"text":"AltReality","link":"https:\/\/alternativa.lv\/ru\/category\/altreality\/"},"img":{"alt_text":"","src":"https:\/\/i0.wp.com\/alternativa.lv\/wp-content\/uploads\/2023\/02\/DSC00320-1.jpg?fit=1080%2C720&ssl=1&resize=350%2C200","width":350,"height":200,"srcset":"https:\/\/i0.wp.com\/alternativa.lv\/wp-content\/uploads\/2023\/02\/DSC00320-1.jpg?fit=1080%2C720&ssl=1&resize=350%2C200 1x, https:\/\/i0.wp.com\/alternativa.lv\/wp-content\/uploads\/2023\/02\/DSC00320-1.jpg?fit=1080%2C720&ssl=1&resize=525%2C300 1.5x, https:\/\/i0.wp.com\/alternativa.lv\/wp-content\/uploads\/2023\/02\/DSC00320-1.jpg?fit=1080%2C720&ssl=1&resize=700%2C400 2x, https:\/\/i0.wp.com\/alternativa.lv\/wp-content\/uploads\/2023\/02\/DSC00320-1.jpg?fit=1080%2C720&ssl=1&resize=1050%2C600 3x"},"classes":[]},{"id":8836,"url":"https:\/\/alternativa.lv\/ru\/februari-bija-loti-spraiga-diena-jo-sagaidijam-pat-80-bernus-musu-mandarinu-zeme\/","url_meta":{"origin":14033,"position":2},"title":"11\u044efebru\u0101r\u012b bija \u013coti spraiga diena, jo sagaid\u012bj\u0101m pat 80 b\u0113rnus m\u016bsu &#171;Mandar\u012bnu Zem\u0113&#187;!","author":"natalijasavina","date":"11\/02\/2023","format":false,"excerpt":"11. febru\u0101r\u012b bija \u013coti spraiga diena, jo sagaid\u012bj\u0101m pat 80 b\u0113rnus no \u201eValmieras SOS B\u0113rnu ciemata\u201d, Zantes \u0123imenes atbalsta centra, R\u012bgas \u0123ime\u0146u atbalsta centra, Kr\u012bzes centra \u201eBurtnieks\u201d un Teritori\u0101l\u0101 centra \u201eAvoti\u201d, k\u0101 ar\u012b b\u0113rnus no ukrainas \u0123imen\u0113m.\u00a0 Kop\u0101 ar b\u0113rniem m\u0113s pavad\u012bj\u0101m aizraujo\u0161u laiku. \u201eMandar\u012bnu Zemes\u201d simbols ir mandar\u012bns, t\u0101p\u0113c\u2026","rel":"","context":"\u0412 &quot;AltReality&quot;","block_context":{"text":"AltReality","link":"https:\/\/alternativa.lv\/ru\/category\/altreality\/"},"img":{"alt_text":"","src":"https:\/\/i0.wp.com\/alternativa.lv\/wp-content\/uploads\/2023\/02\/DSC06576.jpg?fit=1080%2C720&ssl=1&resize=350%2C200","width":350,"height":200,"srcset":"https:\/\/i0.wp.com\/alternativa.lv\/wp-content\/uploads\/2023\/02\/DSC06576.jpg?fit=1080%2C720&ssl=1&resize=350%2C200 1x, https:\/\/i0.wp.com\/alternativa.lv\/wp-content\/uploads\/2023\/02\/DSC06576.jpg?fit=1080%2C720&ssl=1&resize=525%2C300 1.5x, https:\/\/i0.wp.com\/alternativa.lv\/wp-content\/uploads\/2023\/02\/DSC06576.jpg?fit=1080%2C720&ssl=1&resize=700%2C400 2x, https:\/\/i0.wp.com\/alternativa.lv\/wp-content\/uploads\/2023\/02\/DSC06576.jpg?fit=1080%2C720&ssl=1&resize=1050%2C600 3x"},"classes":[]},{"id":1803,"url":"https:\/\/alternativa.lv\/ru\/mandarineland-2019-10-christmas-events-for-429-children-from-disadvantaged-families-and-orphans\/","url_meta":{"origin":14033,"position":3},"title":"&#171;\u041c\u0430\u043d\u0434\u0430\u0440\u0438\u043d\u0438\u044f 2019&#187;: 10 \u043f\u0440\u0430\u0437\u0434\u043d\u0438\u043a\u043e\u0432 \u043e\u0440\u0433\u0430\u043d\u0438\u0437\u043e\u0432\u0430\u043d\u044b \u0432\u043e\u043b\u043e\u043d\u0442\u0435\u0440\u0430\u043c\u0438 \u0434\u043b\u044f 429 \u0434\u0435\u0442\u0435\u0439 \u0438\u0437 \u043d\u0435\u0431\u043b\u0430\u0433\u043e\u043f\u043e\u043b\u0443\u0447\u043d\u044b\u0445 \u0441\u0435\u043c\u0435\u0439 \u0438 \u0434\u0435\u0442\u0441\u043a\u0438\u0445 \u0434\u043e\u043c\u043e\u0432 \u041b\u0430\u0442\u0432\u0438\u0438","author":"tesstemona","date":"28\/12\/2019","format":false,"excerpt":"Mandar\u012bnu Zem\u0113 br\u012bnumiem tic visi \u2013 gan pieaugu\u0161ie, gan b\u0113rni. Pat tie b\u0113rni, kuri ikdien\u0101","rel":"","context":"\u0412 &quot;AltReality&quot;","block_context":{"text":"AltReality","link":"https:\/\/alternativa.lv\/ru\/category\/altreality\/"},"img":{"alt_text":"","src":"https:\/\/i0.wp.com\/alternativa.lv\/wp-content\/uploads\/2020\/01\/DSC05362-1-1.jpg?fit=1200%2C901&ssl=1&resize=350%2C200","width":350,"height":200,"srcset":"https:\/\/i0.wp.com\/alternativa.lv\/wp-content\/uploads\/2020\/01\/DSC05362-1-1.jpg?fit=1200%2C901&ssl=1&resize=350%2C200 1x, https:\/\/i0.wp.com\/alternativa.lv\/wp-content\/uploads\/2020\/01\/DSC05362-1-1.jpg?fit=1200%2C901&ssl=1&resize=525%2C300 1.5x, https:\/\/i0.wp.com\/alternativa.lv\/wp-content\/uploads\/2020\/01\/DSC05362-1-1.jpg?fit=1200%2C901&ssl=1&resize=700%2C400 2x, https:\/\/i0.wp.com\/alternativa.lv\/wp-content\/uploads\/2020\/01\/DSC05362-1-1.jpg?fit=1200%2C901&ssl=1&resize=1050%2C600 3x"},"classes":[]},{"id":10766,"url":"https:\/\/alternativa.lv\/ru\/mandarinu-zeme-xi-desmit-pasakainas-dienas-ar-berniem\/","url_meta":{"origin":14033,"position":4},"title":"Mandar\u012bnu Zeme XI: desmit pasakainas dienas ar b\u0113rniem","author":"tesstemona","date":"18\/12\/2023","format":false,"excerpt":"{:lv} 17.decembr\u012b Narniju apciemoja m\u012bl\u012bg\u0101kie, jauk\u0101kie un gudr\u0101kie b\u0113rnie ma\u0123isk\u0101 Mandar\u012bnu zemes pas\u0101kum\u0101. B\u0113rni, k\u013c\u016bstot par Narnijas varo\u0146iem, ar aizraujo\u0161iem uzdevumiem izgaismoja siltuma laternu. Vi\u0146us apb\u016bra priek\u0161nesumi Al\u0137\u012bmijas istab\u0101, M\u016bzikas istab\u0101, Burvju me\u017e\u0101 un Bru\u0146inieku z\u0101l\u0113. Ziemassv\u0113tku cepumu gatavo\u0161ana sag\u0101d\u0101ja prieku praktiskaj\u0101 darbn\u012bc\u0101, bet drosm\u012bgie iesaist\u012bj\u0101s intri\u0123\u0113jo\u0161\u0101 zobenu c\u012b\u0146\u0101. Dienas\u2026","rel":"","context":"\u0412 &quot;ESC&quot;","block_context":{"text":"ESC","link":"https:\/\/alternativa.lv\/ru\/category\/esc\/"},"img":{"alt_text":"","src":"https:\/\/i0.wp.com\/alternativa.lv\/wp-content\/uploads\/2023\/12\/IMG_3081.jpg?fit=1200%2C799&ssl=1&resize=350%2C200","width":350,"height":200,"srcset":"https:\/\/i0.wp.com\/alternativa.lv\/wp-content\/uploads\/2023\/12\/IMG_3081.jpg?fit=1200%2C799&ssl=1&resize=350%2C200 1x, https:\/\/i0.wp.com\/alternativa.lv\/wp-content\/uploads\/2023\/12\/IMG_3081.jpg?fit=1200%2C799&ssl=1&resize=525%2C300 1.5x, https:\/\/i0.wp.com\/alternativa.lv\/wp-content\/uploads\/2023\/12\/IMG_3081.jpg?fit=1200%2C799&ssl=1&resize=700%2C400 2x, https:\/\/i0.wp.com\/alternativa.lv\/wp-content\/uploads\/2023\/12\/IMG_3081.jpg?fit=1200%2C799&ssl=1&resize=1050%2C600 3x"},"classes":[]},{"id":8904,"url":"https:\/\/alternativa.lv\/ru\/februari-notika-musu-pedejais-esc-projekta-mandarinu-zemes-integracijas-pasakums\/","url_meta":{"origin":14033,"position":5},"title":"12.febru\u0101r\u012b &#8212; nosl\u0113dzo\u0161ais ESC projekta \u201eMandar\u012bnu Zeme 2023\u201d integr\u0101cijas pas\u0101kums b\u0113rniem","author":"tesstemona","date":"13\/02\/2023","format":false,"excerpt":"12.febru\u0101r\u012b notika m\u016bsu p\u0113d\u0113jais ESC projekta \u201eMandar\u012bnu Zemes\u201d integr\u0101cijas pas\u0101kums\ud83c\udf4a \u0160odien kop\u0101 ar R\u012bgas pa\u0161vald\u012bbas B\u0113rnu un jaunie\u0161u centra Strukt\u016brvien\u012bba \u201eVita\u201d,R\u012bgas pa\u0161vald\u012bbas b\u0113rnu un jaunie\u0161u centra strukt\u016brvien\u012bbas \u201eZieme\u013ci\u201d, R\u012bgas pa\u0161vald\u012bbas B\u0113rnu un jaunie\u0161u centra s\/v \u201e\u0122imenes atbalsta centrs\u201d, Dienas centra b\u0113rniem un \u0123imen\u0113m \u201eTor\u0146akalns\u201d un Teritori\u0101lais centra \u201eAvoti\u201d aizbilstamajiem ce\u013cojam\u2026","rel":"","context":"\u0412 &quot;AltReality&quot;","block_context":{"text":"AltReality","link":"https:\/\/alternativa.lv\/ru\/category\/altreality\/"},"img":{"alt_text":"","src":"https:\/\/i0.wp.com\/alternativa.lv\/wp-content\/uploads\/2023\/02\/DSC07611.jpg?fit=1080%2C720&ssl=1&resize=350%2C200","width":350,"height":200,"srcset":"https:\/\/i0.wp.com\/alternativa.lv\/wp-content\/uploads\/2023\/02\/DSC07611.jpg?fit=1080%2C720&ssl=1&resize=350%2C200 1x, https:\/\/i0.wp.com\/alternativa.lv\/wp-content\/uploads\/2023\/02\/DSC07611.jpg?fit=1080%2C720&ssl=1&resize=525%2C300 1.5x, https:\/\/i0.wp.com\/alternativa.lv\/wp-content\/uploads\/2023\/02\/DSC07611.jpg?fit=1080%2C720&ssl=1&resize=700%2C400 2x, https:\/\/i0.wp.com\/alternativa.lv\/wp-content\/uploads\/2023\/02\/DSC07611.jpg?fit=1080%2C720&ssl=1&resize=1050%2C600 3x"},"classes":[]}],"amp_enabled":true,"_links":{"self":[{"href":"https:\/\/alternativa.lv\/ru\/wp-json\/wp\/v2\/posts\/14033","targetHints":{"allow":["GET"]}}],"collection":[{"href":"https:\/\/alternativa.lv\/ru\/wp-json\/wp\/v2\/posts"}],"about":[{"href":"https:\/\/alternativa.lv\/ru\/wp-json\/wp\/v2\/types\/post"}],"author":[{"embeddable":true,"href":"https:\/\/alternativa.lv\/ru\/wp-json\/wp\/v2\/users\/133522584"}],"replies":[{"embeddable":true,"href":"https:\/\/alternativa.lv\/ru\/wp-json\/wp\/v2\/comments?post=14033"}],"version-history":[{"count":4,"href":"https:\/\/alternativa.lv\/ru\/wp-json\/wp\/v2\/posts\/14033\/revisions"}],"predecessor-version":[{"id":14044,"href":"https:\/\/alternativa.lv\/ru\/wp-json\/wp\/v2\/posts\/14033\/revisions\/14044"}],"wp:attachment":[{"href":"https:\/\/alternativa.lv\/ru\/wp-json\/wp\/v2\/media?parent=14033"}],"wp:term":[{"taxonomy":"category","embeddable":true,"href":"https:\/\/alternativa.lv\/ru\/wp-json\/wp\/v2\/categories?post=14033"},{"taxonomy":"post_tag","embeddable":true,"href":"https:\/\/alternativa.lv\/ru\/wp-json\/wp\/v2\/tags?post=14033"},{"taxonomy":"post_folder","embeddable":true,"href":"https:\/\/alternativa.lv\/ru\/wp-json\/wp\/v2\/post_folder?post=14033"}],"curies":[{"name":"wp","href":"https:\/\/api.w.org\/{rel}","templated":true}]}}