{"id":14513,"date":"2026-06-15T17:12:25","date_gmt":"2026-06-15T15:12:25","guid":{"rendered":"https:\/\/alternativa.lv\/?p=14513"},"modified":"2026-07-09T18:35:39","modified_gmt":"2026-07-09T16:35:39","slug":"reborn-of-the-phoenix","status":"publish","type":"post","link":"https:\/\/alternativa.lv\/ru\/reborn-of-the-phoenix\/","title":{"rendered":"Reborn of the Phoenix"},"content":{"rendered":"\n<p class=\"wp-block-paragraph\">Le\u0123enda atdzimst. Vai v\u0113lies k\u013c\u016bt par t\u0101s da\u013cu?<\/p>\n\n\n\n<p class=\"wp-block-paragraph\"><\/p>\n\n\n\n<h2 class=\"wp-block-heading\">Divk\u0101rt\u0113ja Erasmus+ jaunie\u0161u apmai\u0146a<\/h2>\n\n\n\n<hr class=\"wp-block-separator has-alpha-channel-opacity\"\/>\n\n\n\n<p class=\"wp-block-paragraph\"><strong>\ud83d\udccd I DA\u013bA \u2014 LATVIJA<\/strong><br><strong>2026. gada 26. j\u016bnijs \u2013 6. j\u016blijs<\/strong>\u00a0| Aglonas Alpi komplekss, Aglona, Prei\u013cu novads, Latvija<br>*(9 aktivit\u0101\u0161u dienas + 2 ce\u013co\u0161anas dienas)*<\/p>\n\n\n\n<p class=\"wp-block-paragraph\"><strong>\ud83d\udccd II DA\u013bA \u2014 KIPRA<\/strong><br><strong>2026. gada 27. j\u016blijs \u2013 6. augusts<\/strong>\u00a0| Pano Arodes ciems, Pafosas rajons, Kipra<br>*(9 aktivit\u0101\u0161u dienas + 2 ce\u013co\u0161anas dienas)*<\/p>\n\n\n\n<p class=\"wp-block-paragraph\"><strong>Valstis:<\/strong>&nbsp;Latvija \u00b7 Igaunija \u00b7 Kipra \u00b7 Somija \u00b7 Lietuva<\/p>\n\n\n\n<hr class=\"wp-block-separator has-alpha-channel-opacity\"\/>\n\n\n\n<h2 class=\"wp-block-heading\">KAS VAR PIEDAL\u012aTIES?<\/h2>\n\n\n\n<ul class=\"wp-block-list\">\n<li>Jaunie\u0161i vecum\u0101\u00a0<strong>13\u201320 gadi<\/strong>\u00a0no Latvijas, Igaunijas, Kipras, Somijas vai Lietuvas<\/li>\n\n\n\n<li>Iepriek\u0161\u0113ja pieredze nav vajadz\u012bga \u2014 pietiek ar zin\u0101tk\u0101ri un v\u0113lmi ierasties<\/li>\n\n\n\n<li>30 jaunie\u0161i + 5 grupas vad\u012bt\u0101ji katr\u0101 da\u013c\u0101<\/li>\n<\/ul>\n\n\n\n<hr class=\"wp-block-separator has-alpha-channel-opacity\"\/>\n\n\n\n<h2 class=\"wp-block-heading\">TAS IR PILN\u012aGI BEZMAKSAS<\/h2>\n\n\n\n<p class=\"wp-block-paragraph\">Erasmus+ sedz&nbsp;<strong>visu<\/strong>: ce\u013cu, naktsm\u012btni, \u0113din\u0101\u0161anu un visas aktivit\u0101tes. Tev atliek tikai ierasties gatavam.<\/p>\n\n\n\n<h2 class=\"wp-block-heading\">LAIPNI L\u016aGTS N\u0100KAMAJ\u0100 LAPASPUS\u0112<\/h2>\n\n\n\n<p class=\"wp-block-paragraph\">F\u0113nikss nav uzc\u0113lies tikai vienu reizi. Tas ce\u013cas atkal un atkal \u2014 un \u0161oreiz tam esi vajadz\u012bgs&nbsp;<em>tu<\/em>.<\/p>\n\n\n\n<ol start=\"2025\" class=\"wp-block-list\">\n<li>gad\u0101 kaut kas notika Latvijas me\u017eos un Kipras saul\u0113 ceptajos pakalnos. Jaunie\u0161i no trij\u0101m valst\u012bm satik\u0101s k\u0101 sve\u0161inieki \u2014 un dev\u0101s m\u0101j\u0101s k\u0101 kaut kas pavisam cits: k\u0101 Order of White Phoenix bru\u0146inieki. Vi\u0146i neg\u0101ja ekskursij\u0101 vai vienk\u0101r\u0161aj\u0101 projekt\u0101. Vi\u0146i izg\u0101ja cauri kaut kam daudz liel\u0101kam. Vi\u0146i veidoja uztic\u012bbu tums\u0101, pie\u0146\u0113ma l\u0113mumus spiediena apst\u0101k\u013cos, atrada savu balsi sve\u0161\u0101 valod\u0101 un uzrakst\u012bja st\u0101stu, kas pieder vi\u0146iem visiem.<\/li>\n<\/ol>\n\n\n\n<p class=\"wp-block-paragraph\">Tagad \u0161is st\u0101sts turpin\u0101s. Un taj\u0101 ir vieta ar\u012b tev.<\/p>\n\n\n\n<p class=\"wp-block-paragraph\"><strong>Reborn of Phoenix 2026<\/strong>&nbsp;ir F\u0113niksa pasaules n\u0101kam\u0101 lappuse \u2014 divda\u013c\u012bgs ce\u013cojums, kas vispirms aizved\u012bs tevi uz Latgales ezerpiekrasti Latvij\u0101, bet p\u0113c tam \u2014 uz Pafosas pakalnu senajiem ciemiem Kipr\u0101. Divas valstis. Divas f\u0101zes. Viena misija, kas aug.<\/p>\n\n\n\n<p class=\"wp-block-paragraph\">Tu ierodas k\u0101 jauniesauktais. Tas nav \u0161\u0137\u0113rslis, bet j\u0113ga. Bru\u0146inieki no 2025. gada atgrie\u017eas \u2014 ne k\u0101 vienk\u0101r\u0161i dal\u012bbnieki, bet k\u0101 mentori un pal\u012bgi. Vi\u0146i ir biju\u0161i tur, kur tu dr\u012bz dosies, un n\u0101k atpaka\u013c, lai ietu \u0161o ce\u013cu kop\u0101 ar tevi. Jo tie\u0161i t\u0101 F\u0113nikss darbojas: tas negl\u0101bj tikai sevi. Tas apgaismo ce\u013cu tiem, kas n\u0101k p\u0113c tam.<\/p>\n\n\n\n<hr class=\"wp-block-separator has-alpha-channel-opacity\"\/>\n\n\n\n<h2 class=\"wp-block-heading\">K\u0100DA IR TAVA MISIJA?<\/h2>\n\n\n\n<p class=\"wp-block-paragraph\">\u0160\u012bs nav t\u016brisma brauciens. \u0160is ir \u012bsts projekts ar \u012bstu m\u0113r\u0137i \u2014 un tu neesi viesis, tu esi l\u012bdzautors.<\/p>\n\n\n\n<p class=\"wp-block-paragraph\"><strong>Latvij\u0101<\/strong>&nbsp;tu veido pamatu. Kop\u0101 ar saviem jaunsaimniekiem no piec\u0101m valst\u012bm tu m\u0101cies uztic\u0113ties viens otram, komunic\u0113t p\u0101ri at\u0161\u0137ir\u012bb\u0101m, vad\u012bt bez titula un saprast, ko akt\u012bvs pilsoniskums patie\u0161\u0101m noz\u012bm\u0113 \u2014 ne teorij\u0101, bet caur pieredzi, izaicin\u0101jumiem un god\u012bg\u0101m sarun\u0101m pie nakts ugunskura.<\/p>\n\n\n\n<p class=\"wp-block-paragraph\"><strong>Kipr\u0101<\/strong>&nbsp;tu pielieto visu. Tava grupa pievienojas&nbsp;<strong>Phoenix Manifesto 2026<\/strong>&nbsp;pabeig\u0161anai \u2014 dokumentam, ko piln\u012bb\u0101 raksta jaunie\u0161i par to, k\u0101 akt\u012bvs pilsoniskums, iek\u013cau\u0161ana un kop\u012bga atbild\u012bba izskat\u0101s no vi\u0146u skatupunkta. Un pirmo reizi F\u0113niksa cikl\u0101 katrai nacion\u0101lajai komandai ir jauns uzdevums: izstr\u0101d\u0101t savu projekta ideju, ko atvest m\u0101j\u0101s. \u012asts Erasmus+ projekta koncepts. Jaunie\u0161iem tav\u0101 valst\u012b. Rad\u012bts no tevis.<\/p>\n\n\n\n<p class=\"wp-block-paragraph\">Abas da\u013cas kop\u0101 ir par vienu lietu: pier\u0101d\u012bt, ka tu \u2014 15, 16 vai 20 gadu vecum\u0101 \u2014 jau esi gatavs main\u012bt kaut ko pasaul\u0113, un atrast \u012bstu SEVI.<\/p>\n\n\n\n<hr class=\"wp-block-separator has-alpha-channel-opacity\"\/>\n\n\n\n<h2 class=\"wp-block-heading\">KAS TEVI GAIDA?<\/h2>\n\n\n\n<h6 class=\"wp-block-heading\">\u00a0LATVIJA \u2014 Orde\u0146a veido\u0161ana<\/h6>\n\n\n\n<p class=\"wp-block-paragraph\">\u00a0Komandas veido\u0161anas piedz\u012bvojumi dabisk\u0101 ezerpiekrastes vid\u0113<br>\u00a0Uztic\u012bbas izaicin\u0101jumi, vad\u012bbas sp\u0113les un nakts misijas<br>\u00a0Starpkult\u016bru darbn\u012bcas \u2014 piecas valstis, viena cie\u0146as valoda<br>\u00a0Vakara ugunskura loki un refleksijas sesijas<br>\u00a0Bru\u0146inieku iesv\u0113t\u012b\u0161anas ritu\u0101li un F\u0113niksa ceremonija<br>\u00a0Rado\u0161a st\u0101stniec\u012bba, m\u0101ksla un identit\u0101tes darbn\u012bcas<br>\u00a0Atv\u0113rt\u0101s telpas diskusijas: kas tu esi, k\u0101das ir tavas v\u0113rt\u012bbas?<\/p>\n\n\n\n<h2 class=\"wp-block-heading\">\u00a0KIPRA \u2014 Misijas pabeig\u0161ana<\/h2>\n\n\n\n<p class=\"wp-block-paragraph\">\u00a0Refleksija un svin\u012bbas \u2014 F\u0113niksa cikls nosl\u0113dzas un no jauna s\u0101kas<br>\u00a0Vienaudzis mentorings: m\u0101cies no 2025. gada bru\u0146iniekiem, kuri jau biju\u0161i tav\u0101 viet\u0101<\/p>\n\n\n\n<hr class=\"wp-block-separator has-alpha-channel-opacity\"\/>\n\n\n\n<h2 class=\"wp-block-heading\">F\u0112NIKSA MANTOJUMS \u2014 PIER\u0100D\u012aJUMS, KA TAS IR \u012aSTS<\/h2>\n\n\n\n<p class=\"wp-block-paragraph\">Varb\u016bt tu dom\u0101: vai no visa t\u0101 tie\u0161\u0101m kaut kas izn\u0101k?<\/p>\n\n\n\n<p class=\"wp-block-paragraph\">Pajaut\u0101 2025. gada absolventiem. Divi no vi\u0146iem atgriez\u0101s m\u0101j\u0101s un ne tikai atcer\u0113j\u0101s pieredzi \u2014 vi\u0146i no t\u0101s uzb\u016bv\u0113ja kaut ko jaunu.&nbsp;<strong>\u201cNarnia: Voices of Freedom\u201d<\/strong>&nbsp;un&nbsp;<strong>\u201cVisual Voices of Volunteers\u201d<\/strong>&nbsp;ir divi European Solidarity Corps projekti, kas tagad darbojas \u012bstaj\u0101 dz\u012bv\u0113, izstr\u0101d\u0101ti jaunie\u0161iem, kuri bija 16 un 17 gadus veci, kad pirmo reizi ieg\u0101ja F\u0113niksa pasaul\u0113.<\/p>\n\n\n\n<p class=\"wp-block-paragraph\">Vi\u0146i nav iz\u0146\u0113mums. Vi\u0146i ir paraugs.<\/p>\n\n\n\n<p class=\"wp-block-paragraph\">F\u0113niksa cikls tika veidots p\u0101rliec\u012bb\u0101, ka jaunie\u0161iem nav j\u0101b\u016bt gataviem, lai s\u0101ktu kaut ko. Vi\u0146iem ir vajadz\u012bga vieta, kur s\u0101kt. Reborn of Phoenix 2026 ir t\u0101 vieta \u2014 tev.<\/p>\n\n\n\n<hr class=\"wp-block-separator has-alpha-channel-opacity\"\/>\n\n\n\n<h2 class=\"wp-block-heading\">PIESAKIES TAGAD<\/h2>\n\n\n\n<p class=\"wp-block-paragraph\">N\u0101kam\u0101 F\u0113niksa noda\u013ca s\u0101kas&nbsp;<strong>2026. gada 26. j\u016bnij\u0101<\/strong>. Tavs rekrutieris gaida.<\/p>\n\n\n\n<p class=\"wp-block-paragraph\"><strong>\u2192&nbsp;<a href=\"https:\/\/eu.jotform.com\/240232370571346\">PIESAKIES TAGAD<\/a><\/strong><\/p>\n\n\n\n<p class=\"wp-block-paragraph\">V\u0113l neesi p\u0101rliecin\u0101ts? Sazinies ar mums:&nbsp;<strong>alternativarealitate@gmail.com<\/strong>&nbsp;\u2014 atbild\u0113sim uz katru jaut\u0101jumu.<\/p>\n\n\n\n<p class=\"wp-block-paragraph\">L\u012bdzfinans\u0113 Eiropas Savien\u012bba. \u0160\u012b publik\u0101cija atspogu\u013co vien\u012bgi autora uzskatus un viedokli, un ne oblig\u0101ti Eiropas Savien\u012bbas, Eiropas Komisijas vai Valsts a\u0123ent\u016bras (Jaunatnes starptautisko programmu a\u0123ent\u016bras) viedokli, kuras nav atbild\u012bgas par taj\u0101 ietvert\u0101s inform\u0101cijas jebk\u0101du izmanto\u0161anu.<\/p>\n\n\n\n<figure class=\"wp-block-image\"><img loading=\"lazy\" decoding=\"async\" width=\"1400\" height=\"250\" data-attachment-id=\"13186\" data-permalink=\"https:\/\/alternativa.lv\/ru\/digitart-jauniesu-balsu-stiprinasana-caur-digitalo-makslu\/logo-set_jspa-eu-ed-ar-eng-lv-color-4\/\" data-orig-file=\"https:\/\/i0.wp.com\/alternativa.lv\/wp-content\/uploads\/2025\/05\/LOGO-SET_JSPA-EU-ED-AR-ENG-LV-COLOR-1.png?fit=1400%2C250&amp;ssl=1\" data-orig-size=\"1400,250\" data-comments-opened=\"0\" data-image-title=\"LOGO SET_JSPA EU ED AR &amp;#8212; ENG LV COLOR\" data-image-description=\"\" data-image-caption=\"\" data-large-file=\"https:\/\/i0.wp.com\/alternativa.lv\/wp-content\/uploads\/2025\/05\/LOGO-SET_JSPA-EU-ED-AR-ENG-LV-COLOR-1.png?fit=800%2C143&amp;ssl=1\" src=\"https:\/\/i0.wp.com\/alternativa.lv\/wp-content\/uploads\/2025\/05\/LOGO-SET_JSPA-EU-ED-AR-ENG-LV-COLOR-1.png?resize=800%2C143&amp;ssl=1\" alt=\"\" class=\"wp-image-13186\" srcset=\"https:\/\/i0.wp.com\/alternativa.lv\/wp-content\/uploads\/2025\/05\/LOGO-SET_JSPA-EU-ED-AR-ENG-LV-COLOR-1.png?w=1400&amp;ssl=1 1400w, https:\/\/i0.wp.com\/alternativa.lv\/wp-content\/uploads\/2025\/05\/LOGO-SET_JSPA-EU-ED-AR-ENG-LV-COLOR-1.png?resize=300%2C54&amp;ssl=1 300w, https:\/\/i0.wp.com\/alternativa.lv\/wp-content\/uploads\/2025\/05\/LOGO-SET_JSPA-EU-ED-AR-ENG-LV-COLOR-1.png?resize=1024%2C183&amp;ssl=1 1024w, https:\/\/i0.wp.com\/alternativa.lv\/wp-content\/uploads\/2025\/05\/LOGO-SET_JSPA-EU-ED-AR-ENG-LV-COLOR-1.png?resize=768%2C137&amp;ssl=1 768w, https:\/\/i0.wp.com\/alternativa.lv\/wp-content\/uploads\/2025\/05\/LOGO-SET_JSPA-EU-ED-AR-ENG-LV-COLOR-1.png?resize=1200%2C214&amp;ssl=1 1200w\" sizes=\"auto, (max-width: 800px) 100vw, 800px\" \/><\/figure>\n","protected":false},"excerpt":{"rendered":"<p>Le\u0123enda atdzimst. Vai v\u0113lies k\u013c\u016bt par t\u0101s da\u013cu? Divk\u0101rt\u0113ja Erasmus+ jaunie\u0161u apmai\u0146a \ud83d\udccd I DA\u013bA \u2014 LATVIJA2026. gada 26. j\u016bnijs \u2013 6. j\u016blijs\u00a0| Aglonas Alpi komplekss, Aglona, Prei\u013cu novads, Latvija*(9 aktivit\u0101\u0161u dienas + 2 ce\u013co\u0161anas dienas)* \ud83d\udccd II DA\u013bA \u2014 KIPRA2026. gada 27. j\u016blijs \u2013 6. augusts\u00a0| Pano Arodes ciems,&gt;&gt;&gt;<\/p>\n","protected":false},"author":133522584,"featured_media":14600,"comment_status":"closed","ping_status":"open","sticky":false,"template":"","format":"standard","meta":{"_eb_attr":"","_jetpack_newsletter_access":"","_jetpack_dont_email_post_to_subs":false,"_jetpack_newsletter_tier_id":0,"_jetpack_memberships_contains_paywalled_content":false,"_wpcom_ai_launchpad_first_post":false,"_jetpack_feature_clip_id":0,"_jetpack_memberships_contains_paid_content":false,"footnotes":"","jetpack_publicize_message":"{title}\n\n{excerpt}\n\n{url}","jetpack_publicize_feature_enabled":true,"jetpack_social_post_already_shared":true,"jetpack_social_options":{"image_generator_settings":{"template":"highway","default_image_id":0,"font":"","enabled":false},"version":2},"_wpas_customize_per_network":false,"jetpack_post_was_ever_published":false},"categories":[313688881,178825083,635157252,635157207],"tags":[8528233,20585429,635157527],"post_folder":[635157371,635157367],"class_list":["post-14513","post","type-post","status-publish","format-standard","has-post-thumbnail","hentry","category-erasmus-projects","category-erasmusplus","category-frontpage","category-jspa","tag-altreality","tag-jspa","tag-whitephoenix"],"translation":{"provider":"WPGlobus","version":"3.0.5","language":"ru","enabled_languages":["lv","en","ru"],"languages":{"lv":{"title":true,"content":true,"excerpt":false},"en":{"title":false,"content":false,"excerpt":false},"ru":{"title":false,"content":false,"excerpt":false}}},"jetpack_publicize_connections":[],"jetpack_sharing_enabled":true,"jetpack_shortlink":"https:\/\/wp.me\/p9yPz0-3M5","jetpack_likes_enabled":true,"jetpack-related-posts":[{"id":5569,"url":"https:\/\/alternativa.lv\/ru\/erasmus-dienas-latvija-un-kipra\/","url_meta":{"origin":14513,"position":0},"title":"Erasmus dienas Latvij\u0101 un Kipr\u0101","author":"tesstemona","date":"19\/10\/2021","format":false,"excerpt":"{:lv} M\u0113s m\u012blam Erasmus Plus.Vair\u0101k nek\u0101 pirms pieciem gadiem m\u0113s saprat\u0101m, ka tas ir m\u016bsu ce\u013c\u0161 un veids, k\u0101 sniegt jaunie\u0161iem jaunas zin\u0101\u0161anas, pav\u0113rt vi\u0146iem durvis n\u0101kotn\u0113 un dot vi\u0146iem iesp\u0113ju atkl\u0101t savu potenci\u0101lu un talantus, k\u0101 ar\u012b pa\u0161iem past\u0101v\u012bgi m\u0101c\u012bties un att\u012bst\u012bt sevi. Tikai cilv\u0113ks, kur\u0161 nep\u0101rtraukti att\u012bst\u0101s un\u2026","rel":"","context":"\u0412 &quot;AltReality&quot;","block_context":{"text":"AltReality","link":"https:\/\/alternativa.lv\/ru\/category\/altreality\/"},"img":{"alt_text":"","src":"https:\/\/i0.wp.com\/alternativa.lv\/wp-content\/uploads\/2021\/10\/20211014_211805-Medium-light.jpg?fit=1024%2C768&ssl=1&resize=350%2C200","width":350,"height":200,"srcset":"https:\/\/i0.wp.com\/alternativa.lv\/wp-content\/uploads\/2021\/10\/20211014_211805-Medium-light.jpg?fit=1024%2C768&ssl=1&resize=350%2C200 1x, https:\/\/i0.wp.com\/alternativa.lv\/wp-content\/uploads\/2021\/10\/20211014_211805-Medium-light.jpg?fit=1024%2C768&ssl=1&resize=525%2C300 1.5x, https:\/\/i0.wp.com\/alternativa.lv\/wp-content\/uploads\/2021\/10\/20211014_211805-Medium-light.jpg?fit=1024%2C768&ssl=1&resize=700%2C400 2x"},"classes":[]},{"id":14552,"url":"https:\/\/alternativa.lv\/ru\/feniksa-atdzimsana-aglona\/","url_meta":{"origin":14513,"position":1},"title":"F\u0113niksa atdzim\u0161ana Aglon\u0101","author":"tesstemona","date":"29\/06\/2026","format":false,"excerpt":"Kop\u0101 ar jaunie\u0161iem no Somijas, Lietuvas, Latvijas, Igaunijas un Kipras esam s\u0101ku\u0161i jaunu piedz\u012bvojumu Erasmus+ pasaul\u0113: Aglon\u0101, pie klusas un za\u013cas dabas, ezera un saules \u0161obr\u012bd notiek jaunie\u0161u apmai\u0146as \"Reborn of the Phoenix\" 1.da\u013ca, kur jaunie\u0161i iepaz\u012bstas ar \u012bsto varo\u0146u un bru\u0146inieku v\u0113rt\u012bb\u0101m - l\u012bder\u012bbu, godu, cie\u0146u, prasmi vald\u012bt p\u0101r\u2026","rel":"","context":"\u0412 &quot;AltReality&quot;","block_context":{"text":"AltReality","link":"https:\/\/alternativa.lv\/ru\/category\/altreality\/"},"img":{"alt_text":"","src":"https:\/\/i0.wp.com\/alternativa.lv\/wp-content\/uploads\/2026\/06\/photo_2026-06-29_12-42-49.jpg?fit=1200%2C535&ssl=1&resize=350%2C200","width":350,"height":200,"srcset":"https:\/\/i0.wp.com\/alternativa.lv\/wp-content\/uploads\/2026\/06\/photo_2026-06-29_12-42-49.jpg?fit=1200%2C535&ssl=1&resize=350%2C200 1x, https:\/\/i0.wp.com\/alternativa.lv\/wp-content\/uploads\/2026\/06\/photo_2026-06-29_12-42-49.jpg?fit=1200%2C535&ssl=1&resize=525%2C300 1.5x, https:\/\/i0.wp.com\/alternativa.lv\/wp-content\/uploads\/2026\/06\/photo_2026-06-29_12-42-49.jpg?fit=1200%2C535&ssl=1&resize=700%2C400 2x, https:\/\/i0.wp.com\/alternativa.lv\/wp-content\/uploads\/2026\/06\/photo_2026-06-29_12-42-49.jpg?fit=1200%2C535&ssl=1&resize=1050%2C600 3x"},"classes":[]},{"id":7476,"url":"https:\/\/alternativa.lv\/ru\/erasmus-jaunatnes-darbinieku-apmacibas-actarea\/","url_meta":{"origin":14513,"position":2},"title":"Erasmus+ jaunatnes darbinieku apm\u0101c\u012bbas &#171;ACTarea&#187;","author":"natalijasavina","date":"02\/07\/2022","format":false,"excerpt":"Za\u013c\u0101 un mier\u012bg\u0101 Latvijas pils\u0113t\u0101 Koknes\u0113 no 6. l\u012bdz 12. j\u016bnijam NVO \u201cAlternat\u012bv\u0101 realit\u0101te\u201d organiz\u0113ja starptautiskas jaunatnes darbinieku apm\u0101c\u012bbas ,,ACT Area\u201d Erasmus+ programmas ietvaros.\u00a0 Jaunatnes darbinieki un jaunatnes l\u012bderi no da\u017e\u0101d\u0101m Eiropas valst\u012bm san\u0101ca kop\u0101, lai pilnveidot savas zin\u0101\u0161anas nevardarb\u012bg\u0101 akt\u012bvisma jom\u0101 un m\u0101c\u012bties t\u0101s pielietot \u0161odienas nestabilas geopolitisk\u0101s situ\u0101cijas\u2026","rel":"","context":"\u0412 &quot;ACTarea&quot;","block_context":{"text":"ACTarea","link":"https:\/\/alternativa.lv\/ru\/category\/erasmuspluslv\/actarea\/"},"img":{"alt_text":"","src":"https:\/\/i0.wp.com\/alternativa.lv\/wp-content\/uploads\/2022\/07\/DSC01085.jpg?fit=1200%2C800&ssl=1&resize=350%2C200","width":350,"height":200,"srcset":"https:\/\/i0.wp.com\/alternativa.lv\/wp-content\/uploads\/2022\/07\/DSC01085.jpg?fit=1200%2C800&ssl=1&resize=350%2C200 1x, https:\/\/i0.wp.com\/alternativa.lv\/wp-content\/uploads\/2022\/07\/DSC01085.jpg?fit=1200%2C800&ssl=1&resize=525%2C300 1.5x, https:\/\/i0.wp.com\/alternativa.lv\/wp-content\/uploads\/2022\/07\/DSC01085.jpg?fit=1200%2C800&ssl=1&resize=700%2C400 2x, https:\/\/i0.wp.com\/alternativa.lv\/wp-content\/uploads\/2022\/07\/DSC01085.jpg?fit=1200%2C800&ssl=1&resize=1050%2C600 3x"},"classes":[]},{"id":2374,"url":"https:\/\/alternativa.lv\/ru\/izmainas-erasmus-projektu-datumos\/","url_meta":{"origin":14513,"position":3},"title":"\u041f\u0435\u0440\u0435\u043d\u043e\u0441 \u043f\u0440\u043e\u0435\u043a\u0442\u043e\u0432 Erasmus+","author":"tesstemona","date":"22\/03\/2020","format":false,"excerpt":"{:lv} Sakar\u0101 ar COVID-19 koronav\u012brusa izplat\u012b\u0161anu daudzas valstis ir sl\u0113gu\u0161as savas robe\u017eas, ieviesu\u0161as karant\u012bna pas\u0101kumus. Lai pasarg\u0101tu m\u016bsu projektu dal\u012bbnieku vesel\u012bbu un r\u012bkotos atbilsto\u0161i Partnervalstu nor\u0101d\u012bjumiem \u0161aj\u0101 situ\u0101cij\u0101, esam nol\u0113mu\u0161i p\u0101rcelt da\u017eas Erasmus+ projektu aktivit\u0101tes: Projekta \"Quest - the best\" aktivit\u0101te A3 Latvij\u0101 tiek p\u0101rcelta uz 01.-10.06.2021., bet A2 Kipr\u0101\u2026","rel":"","context":"\u0412 &quot;AltReality&quot;","block_context":{"text":"AltReality","link":"https:\/\/alternativa.lv\/ru\/category\/altreality\/"},"img":{"alt_text":"","src":"https:\/\/i0.wp.com\/alternativa.lv\/wp-content\/uploads\/2020\/03\/postponed.png?fit=962%2C437&ssl=1&resize=350%2C200","width":350,"height":200,"srcset":"https:\/\/i0.wp.com\/alternativa.lv\/wp-content\/uploads\/2020\/03\/postponed.png?fit=962%2C437&ssl=1&resize=350%2C200 1x, https:\/\/i0.wp.com\/alternativa.lv\/wp-content\/uploads\/2020\/03\/postponed.png?fit=962%2C437&ssl=1&resize=525%2C300 1.5x, https:\/\/i0.wp.com\/alternativa.lv\/wp-content\/uploads\/2020\/03\/postponed.png?fit=962%2C437&ssl=1&resize=700%2C400 2x"},"classes":[]},{"id":2310,"url":"https:\/\/alternativa.lv\/ru\/planojam-jauniesu-apmainu-kipra-izaicinajumi-un-risinajumi\/","url_meta":{"origin":14513,"position":4},"title":"Pl\u0101nojam jaunie\u0161u apmai\u0146u Kipr\u0101 &#8212; izaicin\u0101jumi un risin\u0101jumi","author":"tesstemona","date":"05\/03\/2020","format":false,"excerpt":"{:lv} UPD: Sakar\u0101 ar COVID-19 pand\u0113miju jaunie\u0161u apmai\u0146a Kipr\u0101 tiek p\u0101rcelta uz rudeni - no 29.09. l\u012bdz 08.10.2020 Pavisam dr\u012bz, no 20. l\u012bdz 29.apr\u012blim Agros\u0101 (Kipra) notiks pirm\u0101 jaunie\u0161u apmai\u0146a projekta \"Quest - the best!\" ietvaros. Lai viss norit\u0113tu veiksm\u012bgi, efekt\u012bvi un rezultat\u012bvi, grupu l\u012bderi un vi\u0146u pal\u012bgi - jaunie\u0161i\u2026","rel":"","context":"\u0412 &quot;AltReality&quot;","block_context":{"text":"AltReality","link":"https:\/\/alternativa.lv\/ru\/category\/altreality\/"},"img":{"alt_text":"","src":"https:\/\/i0.wp.com\/alternativa.lv\/wp-content\/uploads\/2020\/03\/88979568_3209552525739451_2974020537560334336_n.jpg?fit=960%2C540&ssl=1&resize=350%2C200","width":350,"height":200,"srcset":"https:\/\/i0.wp.com\/alternativa.lv\/wp-content\/uploads\/2020\/03\/88979568_3209552525739451_2974020537560334336_n.jpg?fit=960%2C540&ssl=1&resize=350%2C200 1x, https:\/\/i0.wp.com\/alternativa.lv\/wp-content\/uploads\/2020\/03\/88979568_3209552525739451_2974020537560334336_n.jpg?fit=960%2C540&ssl=1&resize=525%2C300 1.5x, https:\/\/i0.wp.com\/alternativa.lv\/wp-content\/uploads\/2020\/03\/88979568_3209552525739451_2974020537560334336_n.jpg?fit=960%2C540&ssl=1&resize=700%2C400 2x"},"classes":[]},{"id":8215,"url":"https:\/\/alternativa.lv\/ru\/occaterra-iespeju-zeme-erasmus-projekts-pusaudziem-13-18-g\/","url_meta":{"origin":14513,"position":5},"title":"&#171;Occaterra: iesp\u0113ju zeme&#187; Erasmus+ projekts pusaud\u017eiem 13-18 g","author":"tesstemona","date":"05\/09\/2022","format":false,"excerpt":"{:lv} Daudzi cilv\u0113ki nemaz nav dzird\u0113jusi par Erasmus+ iesp\u0113j\u0101m jaunie\u0161iem. Bet tie, kas ir dzird\u0113ju\u0161i, visbie\u017e\u0101k saista to ar Erasmus programmu skol\u0113niem un studentiem. Ta\u010du ne tikai skolnieki un ne vien m\u0101c\u012bbu apmai\u0146as nol\u016bkos sp\u0113j piedal\u012bties Erasmus+ programm\u0101, kas ir atv\u0113rta visiem un turkl\u0101t \u2013 cauru gadu. \u0160ovasar Kult\u016bras bied\u012bba\u2026","rel":"","context":"\u0412 &quot;AltReality&quot;","block_context":{"text":"AltReality","link":"https:\/\/alternativa.lv\/ru\/category\/altreality\/"},"img":{"alt_text":"","src":"https:\/\/i0.wp.com\/alternativa.lv\/wp-content\/uploads\/2022\/11\/296558368_5527222680718196_3517928358227455845_n.jpg?fit=593%2C395&ssl=1&resize=350%2C200","width":350,"height":200,"srcset":"https:\/\/i0.wp.com\/alternativa.lv\/wp-content\/uploads\/2022\/11\/296558368_5527222680718196_3517928358227455845_n.jpg?fit=593%2C395&ssl=1&resize=350%2C200 1x, https:\/\/i0.wp.com\/alternativa.lv\/wp-content\/uploads\/2022\/11\/296558368_5527222680718196_3517928358227455845_n.jpg?fit=593%2C395&ssl=1&resize=525%2C300 1.5x"},"classes":[]}],"jetpack_featured_media_url":"https:\/\/i0.wp.com\/alternativa.lv\/wp-content\/uploads\/2026\/06\/Reborn-of-Phoenix1200-x-625-px.png?fit=1200%2C625&ssl=1","_links":{"self":[{"href":"https:\/\/alternativa.lv\/ru\/wp-json\/wp\/v2\/posts\/14513","targetHints":{"allow":["GET"]}}],"collection":[{"href":"https:\/\/alternativa.lv\/ru\/wp-json\/wp\/v2\/posts"}],"about":[{"href":"https:\/\/alternativa.lv\/ru\/wp-json\/wp\/v2\/types\/post"}],"author":[{"embeddable":true,"href":"https:\/\/alternativa.lv\/ru\/wp-json\/wp\/v2\/users\/133522584"}],"replies":[{"embeddable":true,"href":"https:\/\/alternativa.lv\/ru\/wp-json\/wp\/v2\/comments?post=14513"}],"version-history":[{"count":7,"href":"https:\/\/alternativa.lv\/ru\/wp-json\/wp\/v2\/posts\/14513\/revisions"}],"predecessor-version":[{"id":14520,"href":"https:\/\/alternativa.lv\/ru\/wp-json\/wp\/v2\/posts\/14513\/revisions\/14520"}],"wp:featuredmedia":[{"embeddable":true,"href":"https:\/\/alternativa.lv\/ru\/wp-json\/wp\/v2\/media\/14600"}],"wp:attachment":[{"href":"https:\/\/alternativa.lv\/ru\/wp-json\/wp\/v2\/media?parent=14513"}],"wp:term":[{"taxonomy":"category","embeddable":true,"href":"https:\/\/alternativa.lv\/ru\/wp-json\/wp\/v2\/categories?post=14513"},{"taxonomy":"post_tag","embeddable":true,"href":"https:\/\/alternativa.lv\/ru\/wp-json\/wp\/v2\/tags?post=14513"},{"taxonomy":"post_folder","embeddable":true,"href":"https:\/\/alternativa.lv\/ru\/wp-json\/wp\/v2\/post_folder?post=14513"}],"curies":[{"name":"wp","href":"https:\/\/api.w.org\/{rel}","templated":true}]}}