{"id":7749,"date":"2022-04-22T20:43:00","date_gmt":"2022-04-22T18:43:00","guid":{"rendered":"https:\/\/alternativa.lv\/?p=7749"},"modified":"2022-09-18T20:45:47","modified_gmt":"2022-09-18T18:45:47","slug":"podkasts-par-rasismu-un-ksenofobiju-latvija-jauniesu-acim","status":"publish","type":"post","link":"https:\/\/alternativa.lv\/ru\/podkasts-par-rasismu-un-ksenofobiju-latvija-jauniesu-acim\/","title":{"rendered":"Podkasts par rasismu un ksenofobiju Latvij\u0101 jaunie\u0161u ac\u012bm"},"content":{"rendered":"\n<p>Podkasts par rasismu un ksenofobiju Latvij\u0101 jaunie\u0161u ac\u012bm<\/p>\n\n\n\n<p>Valoda: EN<\/p>\n\n\n\n<p>Autors: Aleksis Em\u012bls Ser\u017eenko<\/p>\n\n\n\n<figure class=\"wp-block-audio\"><audio controls src=\"https:\/\/alternativa.lv\/wp-content\/uploads\/2022\/09\/AR-JINGLE-Racism-xenophobia-Aleksis-Emils-Serzenko.mp3\"><\/audio><\/figure>\n\n\n\n<p>Materi\u0101ls tika sagatavots ESK Solidarit\u0101tes projekta &#171;Digit\u0101l\u0101 Jaunatnes Balss&#187; ietvaros<\/p>\n\n\n\n<p><\/p>\n\n\n\n<h6 class=\"wp-block-heading\">L\u012bdzfinans\u0113 Eiropas Savien\u012bba. \u0160\u012b&nbsp; publik\u0101cija atspogu\u013co vien\u012bgi autora uzskatus un viedokli, un ne oblig\u0101ti Eiropas Savien\u012bbas, Eiropas Komisijas vai Nacion\u0101l\u0101s a\u0123ent\u016bras (Jaunatnes starptautisko programmu a\u0123ent\u016bras) viedokli, kuras nav atbild\u012bgas par taj\u0101 ietvert\u0101s inform\u0101cijas jebk\u0101du izmanto\u0161anu<\/h6>\n\n\n\n<figure class=\"wp-block-image aligncenter size-full\"><img data-recalc-dims=\"1\" loading=\"lazy\" decoding=\"async\" width=\"536\" height=\"204\" data-attachment-id=\"7365\" data-permalink=\"https:\/\/alternativa.lv\/ru\/maija-grafa-svetki-2022-vienoti-dazadiba\/image-3-3\/\" data-orig-file=\"https:\/\/i0.wp.com\/alternativa.lv\/wp-content\/uploads\/2022\/07\/image-3.png?fit=536%2C204&amp;ssl=1\" data-orig-size=\"536,204\" data-comments-opened=\"0\" data-image-meta=\"{&quot;aperture&quot;:&quot;0&quot;,&quot;credit&quot;:&quot;&quot;,&quot;camera&quot;:&quot;&quot;,&quot;caption&quot;:&quot;&quot;,&quot;created_timestamp&quot;:&quot;0&quot;,&quot;copyright&quot;:&quot;&quot;,&quot;focal_length&quot;:&quot;0&quot;,&quot;iso&quot;:&quot;0&quot;,&quot;shutter_speed&quot;:&quot;0&quot;,&quot;title&quot;:&quot;&quot;,&quot;orientation&quot;:&quot;0&quot;}\" data-image-title=\"image-3\" data-image-description=\"\" data-image-caption=\"\" data-large-file=\"https:\/\/i0.wp.com\/alternativa.lv\/wp-content\/uploads\/2022\/07\/image-3.png?fit=536%2C204&amp;ssl=1\" src=\"https:\/\/i0.wp.com\/alternativa.lv\/wp-content\/uploads\/2022\/07\/image-3.png?resize=536%2C204&#038;ssl=1\" alt=\"\" class=\"wp-image-7365\" srcset=\"https:\/\/i0.wp.com\/alternativa.lv\/wp-content\/uploads\/2022\/07\/image-3.png?w=536&amp;ssl=1 536w, https:\/\/i0.wp.com\/alternativa.lv\/wp-content\/uploads\/2022\/07\/image-3.png?resize=300%2C114&amp;ssl=1 300w\" sizes=\"auto, (max-width: 536px) 100vw, 536px\" \/><\/figure>\n","protected":false},"excerpt":{"rendered":"<p>Podkasts par rasismu un ksenofobiju Latvij\u0101 jaunie\u0161u ac\u012bm Valoda: EN Autors: Aleksis Em\u012bls Ser\u017eenko Materi\u0101ls tika sagatavots ESK Solidarit\u0101tes projekta &#171;Digit\u0101l\u0101 Jaunatnes Balss&#187; ietvaros L\u012bdzfinans\u0113 Eiropas Savien\u012bba. \u0160\u012b&nbsp; publik\u0101cija atspogu\u013co vien\u012bgi autora uzskatus un viedokli, un ne oblig\u0101ti Eiropas Savien\u012bbas, Eiropas Komisijas vai Nacion\u0101l\u0101s a\u0123ent\u016bras (Jaunatnes starptautisko programmu a\u0123ent\u016bras) viedokli,&gt;&gt;&gt;<\/p>\n","protected":false},"author":133522584,"featured_media":7645,"comment_status":"closed","ping_status":"open","sticky":false,"template":"","format":"standard","meta":{"_eb_attr":"","_jetpack_newsletter_access":"","_jetpack_dont_email_post_to_subs":false,"_jetpack_newsletter_tier_id":0,"_jetpack_memberships_contains_paywalled_content":false,"_jetpack_memberships_contains_paid_content":false,"footnotes":"","jetpack_publicize_message":"","jetpack_publicize_feature_enabled":true,"jetpack_social_post_already_shared":true,"jetpack_social_options":{"image_generator_settings":{"template":"highway","default_image_id":0,"font":"","enabled":false},"version":2},"_wpas_customize_per_network":false,"jetpack_post_was_ever_published":false},"categories":[635157350,635157249,635157207,635157312,635157202],"tags":[8528233,635157248,20585429,635157228,635157314,635157356],"post_folder":[635157370],"class_list":["post-7749","post","type-post","status-publish","format-standard","has-post-thumbnail","hentry","category-altreality","category-essolidaritateskorpuss","category-jspa","category-podcasts","category-xenophobia","tag-altreality","tag-essolidaritateskorpuss","tag-jspa","tag-manasolidaritate","tag-podcasts","tag-radio-a-reality"],"translation":{"provider":"WPGlobus","version":"3.0.2","language":"ru","enabled_languages":["lv","en","ru"],"languages":{"lv":{"title":true,"content":true,"excerpt":false},"en":{"title":false,"content":false,"excerpt":false},"ru":{"title":false,"content":false,"excerpt":false}}},"jetpack_publicize_connections":[],"jetpack_featured_media_url":"https:\/\/i0.wp.com\/alternativa.lv\/wp-content\/uploads\/2022\/09\/AR-radio-logo-white-backgrJPG.jpg?fit=1200%2C675&ssl=1","jetpack_sharing_enabled":true,"jetpack_shortlink":"https:\/\/wp.me\/p9yPz0-20Z","jetpack_likes_enabled":true,"jetpack-related-posts":[{"id":7745,"url":"https:\/\/alternativa.lv\/ru\/podkasts-par-uznemejdarbibu-jauniesu-acim\/","url_meta":{"origin":7749,"position":0},"title":"Podkasts par uz\u0146\u0113m\u0113jdarb\u012bbu jaunie\u0161u ac\u012bm","author":"tesstemona","date":"16\/05\/2022","format":false,"excerpt":"Podkasts par uz\u0146\u0113m\u0113jdarb\u012bbu jaunie\u0161u ac\u012bm Valoda: EN Autors: Mihails Matulis Materi\u0101ls tika sagatavots ESK Solidarit\u0101tes projekta \"Digit\u0101l\u0101 Jaunatnes Balss\" ietvaros L\u012bdzfinans\u0113 Eiropas Savien\u012bba. \u0160\u012b\u00a0 publik\u0101cija atspogu\u013co vien\u012bgi autora uzskatus un viedokli, un ne oblig\u0101ti Eiropas Savien\u012bbas, Eiropas Komisijas vai Nacion\u0101l\u0101s a\u0123ent\u016bras (Jaunatnes starptautisko programmu a\u0123ent\u016bras) viedokli, kuras nav atbild\u012bgas par\u2026","rel":"","context":"\u0412 &quot;AltReality&quot;","block_context":{"text":"AltReality","link":"https:\/\/alternativa.lv\/ru\/category\/altreality\/"},"img":{"alt_text":"","src":"https:\/\/i0.wp.com\/alternativa.lv\/wp-content\/uploads\/2022\/09\/AR-radio-logo-white-backgrJPG.jpg?fit=1200%2C675&ssl=1&resize=350%2C200","width":350,"height":200,"srcset":"https:\/\/i0.wp.com\/alternativa.lv\/wp-content\/uploads\/2022\/09\/AR-radio-logo-white-backgrJPG.jpg?fit=1200%2C675&ssl=1&resize=350%2C200 1x, https:\/\/i0.wp.com\/alternativa.lv\/wp-content\/uploads\/2022\/09\/AR-radio-logo-white-backgrJPG.jpg?fit=1200%2C675&ssl=1&resize=525%2C300 1.5x, https:\/\/i0.wp.com\/alternativa.lv\/wp-content\/uploads\/2022\/09\/AR-radio-logo-white-backgrJPG.jpg?fit=1200%2C675&ssl=1&resize=700%2C400 2x, https:\/\/i0.wp.com\/alternativa.lv\/wp-content\/uploads\/2022\/09\/AR-radio-logo-white-backgrJPG.jpg?fit=1200%2C675&ssl=1&resize=1050%2C600 3x"},"classes":[]},{"id":7665,"url":"https:\/\/alternativa.lv\/ru\/podkasts-meksikana-piedzivojumi-latvija\/","url_meta":{"origin":7749,"position":1},"title":"Podkasts: Meksik\u0101\u0146a piedz\u012bvojumi Latvij\u0101","author":"tesstemona","date":"18\/04\/2022","format":false,"excerpt":"Autors: Jaime Lubcke, br\u012bvpr\u0101t\u012bgais jaunietis no V\u0101cijas (dzimis Meksik\u0101) Valoda: EN Podkasts par dal\u012bbu br\u012bvprat\u012bg\u0101 darba projekt\u0101 Latvij\u0101 Eiropas Solidarit\u0101tes Korpusa ietvaros https:\/\/alternativa.lv\/wp-content\/uploads\/2022\/09\/AR-JINGLE-Jaime-Lubcke-Volunteering-ESC.mp3 Materi\u0101ls tika sagatavots ESK Solidarit\u0101tes projekta \"Digit\u0101l\u0101 Jaunatnes Balss\" ietvaros L\u012bdzfinans\u0113 Eiropas Savien\u012bba. \u0160\u012b\u00a0 publik\u0101cija atspogu\u013co vien\u012bgi autora uzskatus un viedokli, un ne oblig\u0101ti Eiropas Savien\u012bbas, Eiropas\u2026","rel":"","context":"\u0412 &quot;AltReality&quot;","block_context":{"text":"AltReality","link":"https:\/\/alternativa.lv\/ru\/category\/altreality\/"},"img":{"alt_text":"","src":"https:\/\/i0.wp.com\/alternativa.lv\/wp-content\/uploads\/2022\/09\/maxresdefault-Jaime.webp?fit=1200%2C675&ssl=1&resize=350%2C200","width":350,"height":200,"srcset":"https:\/\/i0.wp.com\/alternativa.lv\/wp-content\/uploads\/2022\/09\/maxresdefault-Jaime.webp?fit=1200%2C675&ssl=1&resize=350%2C200 1x, https:\/\/i0.wp.com\/alternativa.lv\/wp-content\/uploads\/2022\/09\/maxresdefault-Jaime.webp?fit=1200%2C675&ssl=1&resize=525%2C300 1.5x, https:\/\/i0.wp.com\/alternativa.lv\/wp-content\/uploads\/2022\/09\/maxresdefault-Jaime.webp?fit=1200%2C675&ssl=1&resize=700%2C400 2x, https:\/\/i0.wp.com\/alternativa.lv\/wp-content\/uploads\/2022\/09\/maxresdefault-Jaime.webp?fit=1200%2C675&ssl=1&resize=1050%2C600 3x"},"classes":[]},{"id":7638,"url":"https:\/\/alternativa.lv\/ru\/podkasts-recycle-recycle\/","url_meta":{"origin":7749,"position":2},"title":"Podkasts: Recycle? Recycle!","author":"tesstemona","date":"12\/11\/2021","format":false,"excerpt":"Podkasts par situ\u0101ciju ar atkritumu p\u0101rstr\u0101di da\u017e\u0101d\u0101s pasaules valst\u012bs, tostarp Latvij\u0101 Materi\u0101ls tika sagatavots ESK Solidarit\u0101tes projekta \"Digit\u0101l\u0101 Jaunatnes Balss\" ietvaros L\u012bdzfinans\u0113 Eiropas Savien\u012bba. \u0160\u012b\u00a0 publik\u0101cija atspogu\u013co vien\u012bgi autora uzskatus un viedokli, un ne oblig\u0101ti Eiropas Savien\u012bbas, Eiropas Komisijas vai Nacion\u0101l\u0101s a\u0123ent\u016bras (Jaunatnes starptautisko programmu a\u0123ent\u016bras) viedokli, kuras nav atbild\u012bgas\u2026","rel":"","context":"\u0412 &quot;AltReality&quot;","block_context":{"text":"AltReality","link":"https:\/\/alternativa.lv\/ru\/category\/altreality\/"},"img":{"alt_text":"","src":"https:\/\/i0.wp.com\/alternativa.lv\/wp-content\/uploads\/2022\/02\/AR-radio-logo-white-backgrJPG.jpg?fit=1200%2C675&ssl=1&resize=350%2C200","width":350,"height":200,"srcset":"https:\/\/i0.wp.com\/alternativa.lv\/wp-content\/uploads\/2022\/02\/AR-radio-logo-white-backgrJPG.jpg?fit=1200%2C675&ssl=1&resize=350%2C200 1x, https:\/\/i0.wp.com\/alternativa.lv\/wp-content\/uploads\/2022\/02\/AR-radio-logo-white-backgrJPG.jpg?fit=1200%2C675&ssl=1&resize=525%2C300 1.5x, https:\/\/i0.wp.com\/alternativa.lv\/wp-content\/uploads\/2022\/02\/AR-radio-logo-white-backgrJPG.jpg?fit=1200%2C675&ssl=1&resize=700%2C400 2x, https:\/\/i0.wp.com\/alternativa.lv\/wp-content\/uploads\/2022\/02\/AR-radio-logo-white-backgrJPG.jpg?fit=1200%2C675&ssl=1&resize=1050%2C600 3x"},"classes":[]},{"id":7648,"url":"https:\/\/alternativa.lv\/ru\/podkasts-cilveki-ar-ipasam-vajadzibam-situacija-latvija\/","url_meta":{"origin":7749,"position":3},"title":"Podkasts: Cilv\u0113ki ar \u012bpa\u0161\u0101m vajadz\u012bb\u0101m &#8212; situ\u0101cija Latvij\u0101","author":"tesstemona","date":"22\/02\/2022","format":false,"excerpt":"Podkasts par situ\u0101ciju Latvij\u0101 ar cilv\u0113ku ar \u012bpa\u0161\u0101m vajadz\u012bb\u0101m iek\u013cau\u0161anu sabiedr\u012bb\u0101 Valoda: LV Autors: Ri\u010dards Zemturis https:\/\/alternativa.lv\/wp-content\/uploads\/2022\/09\/Cilveki-ar-ipasham-vajadzibam-ieklaushana-AR-JINGLE.mp3 Materi\u0101ls tika sagatavots ESK Solidarit\u0101tes projekta \u201cDigit\u0101l\u0101 Jaunatnes Balss\u201d ietvaros L\u012bdzfinans\u0113 Eiropas Savien\u012bba. \u0160\u012b\u00a0 publik\u0101cija atspogu\u013co vien\u012bgi autora uzskatus un viedokli, un ne oblig\u0101ti Eiropas Savien\u012bbas, Eiropas Komisijas vai Nacion\u0101l\u0101s a\u0123ent\u016bras (Jaunatnes starptautisko\u2026","rel":"","context":"\u0412 &quot;AltReality&quot;","block_context":{"text":"AltReality","link":"https:\/\/alternativa.lv\/ru\/category\/altreality\/"},"img":{"alt_text":"","src":"https:\/\/i0.wp.com\/alternativa.lv\/wp-content\/uploads\/2022\/09\/AR-radio-logo-white-backgrJPG.jpg?fit=1200%2C675&ssl=1&resize=350%2C200","width":350,"height":200,"srcset":"https:\/\/i0.wp.com\/alternativa.lv\/wp-content\/uploads\/2022\/09\/AR-radio-logo-white-backgrJPG.jpg?fit=1200%2C675&ssl=1&resize=350%2C200 1x, https:\/\/i0.wp.com\/alternativa.lv\/wp-content\/uploads\/2022\/09\/AR-radio-logo-white-backgrJPG.jpg?fit=1200%2C675&ssl=1&resize=525%2C300 1.5x, https:\/\/i0.wp.com\/alternativa.lv\/wp-content\/uploads\/2022\/09\/AR-radio-logo-white-backgrJPG.jpg?fit=1200%2C675&ssl=1&resize=700%2C400 2x, https:\/\/i0.wp.com\/alternativa.lv\/wp-content\/uploads\/2022\/09\/AR-radio-logo-white-backgrJPG.jpg?fit=1200%2C675&ssl=1&resize=1050%2C600 3x"},"classes":[]},{"id":7728,"url":"https:\/\/alternativa.lv\/ru\/podkasts-mentala-veseliba\/","url_meta":{"origin":7749,"position":4},"title":"Podkasts: ment\u0101l\u0101 vesel\u012bba","author":"tesstemona","date":"29\/07\/2022","format":false,"excerpt":"Podkasts par mental\u0101s vesel\u012bbas probl\u0113m\u0101m un t\u0101s uztur\u0113\u0161anu Valoda: EN Autors: Mihails Matulis Materi\u0101ls tika sagatavots ESK Solidarit\u0101tes projekta \"Digit\u0101l\u0101 Jaunatnes Balss\" ietvaros L\u012bdzfinans\u0113 Eiropas Savien\u012bba. \u0160\u012b\u00a0 publik\u0101cija atspogu\u013co vien\u012bgi autora uzskatus un viedokli, un ne oblig\u0101ti Eiropas Savien\u012bbas, Eiropas Komisijas vai Nacion\u0101l\u0101s a\u0123ent\u016bras (Jaunatnes starptautisko programmu a\u0123ent\u016bras) viedokli, kuras\u2026","rel":"","context":"\u0412 &quot;AltReality&quot;","block_context":{"text":"AltReality","link":"https:\/\/alternativa.lv\/ru\/category\/altreality\/"},"img":{"alt_text":"","src":"https:\/\/i0.wp.com\/alternativa.lv\/wp-content\/uploads\/2022\/09\/AR-radio-logo-white-backgrJPG.jpg?fit=1200%2C675&ssl=1&resize=350%2C200","width":350,"height":200,"srcset":"https:\/\/i0.wp.com\/alternativa.lv\/wp-content\/uploads\/2022\/09\/AR-radio-logo-white-backgrJPG.jpg?fit=1200%2C675&ssl=1&resize=350%2C200 1x, https:\/\/i0.wp.com\/alternativa.lv\/wp-content\/uploads\/2022\/09\/AR-radio-logo-white-backgrJPG.jpg?fit=1200%2C675&ssl=1&resize=525%2C300 1.5x, https:\/\/i0.wp.com\/alternativa.lv\/wp-content\/uploads\/2022\/09\/AR-radio-logo-white-backgrJPG.jpg?fit=1200%2C675&ssl=1&resize=700%2C400 2x, https:\/\/i0.wp.com\/alternativa.lv\/wp-content\/uploads\/2022\/09\/AR-radio-logo-white-backgrJPG.jpg?fit=1200%2C675&ssl=1&resize=1050%2C600 3x"},"classes":[]},{"id":7741,"url":"https:\/\/alternativa.lv\/ru\/podkasts-dzimumu-vienlidziba\/","url_meta":{"origin":7749,"position":5},"title":"Podkasts: dzimumu vienl\u012bdz\u012bba","author":"tesstemona","date":"28\/06\/2022","format":false,"excerpt":"Podcasts is created in the frame of the project \"Digital Youth voice\"co-financed by European Solidarity Corps","rel":"","context":"\u0412 &quot;AltReality&quot;","block_context":{"text":"AltReality","link":"https:\/\/alternativa.lv\/ru\/category\/altreality\/"},"img":{"alt_text":"","src":"https:\/\/i0.wp.com\/alternativa.lv\/wp-content\/uploads\/2022\/09\/AR-radio-logo-white-backgrJPG.jpg?fit=1200%2C675&ssl=1&resize=350%2C200","width":350,"height":200,"srcset":"https:\/\/i0.wp.com\/alternativa.lv\/wp-content\/uploads\/2022\/09\/AR-radio-logo-white-backgrJPG.jpg?fit=1200%2C675&ssl=1&resize=350%2C200 1x, https:\/\/i0.wp.com\/alternativa.lv\/wp-content\/uploads\/2022\/09\/AR-radio-logo-white-backgrJPG.jpg?fit=1200%2C675&ssl=1&resize=525%2C300 1.5x, https:\/\/i0.wp.com\/alternativa.lv\/wp-content\/uploads\/2022\/09\/AR-radio-logo-white-backgrJPG.jpg?fit=1200%2C675&ssl=1&resize=700%2C400 2x, https:\/\/i0.wp.com\/alternativa.lv\/wp-content\/uploads\/2022\/09\/AR-radio-logo-white-backgrJPG.jpg?fit=1200%2C675&ssl=1&resize=1050%2C600 3x"},"classes":[]}],"amp_enabled":true,"_links":{"self":[{"href":"https:\/\/alternativa.lv\/ru\/wp-json\/wp\/v2\/posts\/7749","targetHints":{"allow":["GET"]}}],"collection":[{"href":"https:\/\/alternativa.lv\/ru\/wp-json\/wp\/v2\/posts"}],"about":[{"href":"https:\/\/alternativa.lv\/ru\/wp-json\/wp\/v2\/types\/post"}],"author":[{"embeddable":true,"href":"https:\/\/alternativa.lv\/ru\/wp-json\/wp\/v2\/users\/133522584"}],"replies":[{"embeddable":true,"href":"https:\/\/alternativa.lv\/ru\/wp-json\/wp\/v2\/comments?post=7749"}],"version-history":[{"count":2,"href":"https:\/\/alternativa.lv\/ru\/wp-json\/wp\/v2\/posts\/7749\/revisions"}],"predecessor-version":[{"id":7752,"href":"https:\/\/alternativa.lv\/ru\/wp-json\/wp\/v2\/posts\/7749\/revisions\/7752"}],"wp:featuredmedia":[{"embeddable":true,"href":"https:\/\/alternativa.lv\/ru\/wp-json\/wp\/v2\/media\/7645"}],"wp:attachment":[{"href":"https:\/\/alternativa.lv\/ru\/wp-json\/wp\/v2\/media?parent=7749"}],"wp:term":[{"taxonomy":"category","embeddable":true,"href":"https:\/\/alternativa.lv\/ru\/wp-json\/wp\/v2\/categories?post=7749"},{"taxonomy":"post_tag","embeddable":true,"href":"https:\/\/alternativa.lv\/ru\/wp-json\/wp\/v2\/tags?post=7749"},{"taxonomy":"post_folder","embeddable":true,"href":"https:\/\/alternativa.lv\/ru\/wp-json\/wp\/v2\/post_folder?post=7749"}],"curies":[{"name":"wp","href":"https:\/\/api.w.org\/{rel}","templated":true}]}}